{"id":10530,"date":"2023-12-13T08:39:23","date_gmt":"2023-12-13T11:39:23","guid":{"rendered":"https:\/\/prodelcobre.cl\/nueva\/?p=10530"},"modified":"2023-12-13T08:39:24","modified_gmt":"2023-12-13T11:39:24","slug":"anglo-american-colbun-rebon-electric-motors-y-corfo-desarrollaran-el-primer-bus-de-hidrogeno-hecho-en-chile","status":"publish","type":"post","link":"https:\/\/prodelcobre.cl\/nueva\/anglo-american-colbun-rebon-electric-motors-y-corfo-desarrollaran-el-primer-bus-de-hidrogeno-hecho-en-chile\/","title":{"rendered":"Anglo American, Colb\u00fan, Rebon Electric Motors y Corfo desarrollar\u00e1n el primer bus de hidr\u00f3geno hecho en Chile"},"content":{"rendered":"\n<h2 class=\"wp-block-heading\">La alianza entre las partes desarrollar\u00e1n este bus de H2V en el marco de la transici\u00f3n a la movilidad sostenible en Chile.<\/h2>\n\n\n\n<p class=\"has-medium-font-size\">Con un presupuesto de US $755 mil aportado en partes iguales desde las empresas participantes, se desarrollar\u00e1n buses el\u00e9ctricos a hidr\u00f3geno fabricados \u00edntegramente en Chile. El plan es que el medio de transporte se desarrolle en el pa\u00eds, desde los dise\u00f1os de ingenier\u00eda, pasando por el prototipo, hasta la validaci\u00f3n comercial del modelo. <\/p>\n\n\n\n<p class=\"has-medium-font-size\">El bus cuenta con una capacidad de 24 pasajeros, con una autonom\u00eda de 450 kil\u00f3metros y una velocidad m\u00e1xima de 90 Km\/h. Sus dimensiones ser\u00e1n de 8,5 metros de largo, 2,4 metros de ancho y una altura de 3,4 metros. Podr\u00e1 operar en entornos industriales, urbanos o rurales. <\/p>\n","protected":false},"excerpt":{"rendered":"<p>La alianza entre las partes desarrollar\u00e1n este bus de H2V en el marco de la transici\u00f3n a la<\/p>\n","protected":false},"author":3,"featured_media":5689,"comment_status":"closed","ping_status":"closed","sticky":false,"template":"","format":"standard","meta":{"footnotes":""},"categories":[51,52],"tags":[185],"class_list":["post-10530","post","type-post","status-publish","format-standard","has-post-thumbnail","hentry","category-chile","category-noticias","tag-electromovilidad"],"rttpg_featured_image_url":{"full":["https:\/\/prodelcobre.cl\/nueva\/wp-content\/uploads\/2022\/06\/hidrogeno-verde.jpg",1248,770,false],"landscape":["https:\/\/prodelcobre.cl\/nueva\/wp-content\/uploads\/2022\/06\/hidrogeno-verde.jpg",1248,770,false],"portraits":["https:\/\/prodelcobre.cl\/nueva\/wp-content\/uploads\/2022\/06\/hidrogeno-verde.jpg",1248,770,false],"thumbnail":["https:\/\/prodelcobre.cl\/nueva\/wp-content\/uploads\/2022\/06\/hidrogeno-verde-150x150.jpg",150,150,true],"medium":["https:\/\/prodelcobre.cl\/nueva\/wp-content\/uploads\/2022\/06\/hidrogeno-verde.jpg",1248,770,false],"large":["https:\/\/prodelcobre.cl\/nueva\/wp-content\/uploads\/2022\/06\/hidrogeno-verde.jpg",1248,770,false],"1536x1536":["https:\/\/prodelcobre.cl\/nueva\/wp-content\/uploads\/2022\/06\/hidrogeno-verde.jpg",1248,770,false],"2048x2048":["https:\/\/prodelcobre.cl\/nueva\/wp-content\/uploads\/2022\/06\/hidrogeno-verde.jpg",1248,770,false],"morenews-featured":["https:\/\/prodelcobre.cl\/nueva\/wp-content\/uploads\/2022\/06\/hidrogeno-verde.jpg",1024,632,false],"morenews-large":["https:\/\/prodelcobre.cl\/nueva\/wp-content\/uploads\/2022\/06\/hidrogeno-verde.jpg",825,509,false],"morenews-medium":["https:\/\/prodelcobre.cl\/nueva\/wp-content\/uploads\/2022\/06\/hidrogeno-verde.jpg",590,364,false],"psacp-medium":["https:\/\/prodelcobre.cl\/nueva\/wp-content\/uploads\/2022\/06\/hidrogeno-verde.jpg",500,308,false]},"rttpg_author":{"display_name":"Francisco P\u00e9rez Alvi\u00e1rez","author_link":"https:\/\/prodelcobre.cl\/nueva\/author\/fperez\/"},"rttpg_comment":0,"rttpg_category":"<a href=\"https:\/\/prodelcobre.cl\/nueva\/category\/chile\/\" rel=\"category tag\">Chile<\/a> <a href=\"https:\/\/prodelcobre.cl\/nueva\/category\/noticias\/\" rel=\"category tag\">Noticias<\/a>","rttpg_excerpt":"La alianza entre las partes desarrollar\u00e1n este bus de H2V en el marco de la transici\u00f3n a la","_links":{"self":[{"href":"https:\/\/prodelcobre.cl\/nueva\/wp-json\/wp\/v2\/posts\/10530","targetHints":{"allow":["GET"]}}],"collection":[{"href":"https:\/\/prodelcobre.cl\/nueva\/wp-json\/wp\/v2\/posts"}],"about":[{"href":"https:\/\/prodelcobre.cl\/nueva\/wp-json\/wp\/v2\/types\/post"}],"author":[{"embeddable":true,"href":"https:\/\/prodelcobre.cl\/nueva\/wp-json\/wp\/v2\/users\/3"}],"replies":[{"embeddable":true,"href":"https:\/\/prodelcobre.cl\/nueva\/wp-json\/wp\/v2\/comments?post=10530"}],"version-history":[{"count":1,"href":"https:\/\/prodelcobre.cl\/nueva\/wp-json\/wp\/v2\/posts\/10530\/revisions"}],"predecessor-version":[{"id":10531,"href":"https:\/\/prodelcobre.cl\/nueva\/wp-json\/wp\/v2\/posts\/10530\/revisions\/10531"}],"wp:featuredmedia":[{"embeddable":true,"href":"https:\/\/prodelcobre.cl\/nueva\/wp-json\/wp\/v2\/media\/5689"}],"wp:attachment":[{"href":"https:\/\/prodelcobre.cl\/nueva\/wp-json\/wp\/v2\/media?parent=10530"}],"wp:term":[{"taxonomy":"category","embeddable":true,"href":"https:\/\/prodelcobre.cl\/nueva\/wp-json\/wp\/v2\/categories?post=10530"},{"taxonomy":"post_tag","embeddable":true,"href":"https:\/\/prodelcobre.cl\/nueva\/wp-json\/wp\/v2\/tags?post=10530"}],"curies":[{"name":"wp","href":"https:\/\/api.w.org\/{rel}","templated":true}]}}