{"id":10533,"date":"2023-12-14T06:38:44","date_gmt":"2023-12-14T09:38:44","guid":{"rendered":"https:\/\/prodelcobre.cl\/nueva\/?p=10533"},"modified":"2023-12-14T06:38:46","modified_gmt":"2023-12-14T09:38:46","slug":"continua-investigacion-en-socavon-de-tierra-amarilla","status":"publish","type":"post","link":"https:\/\/prodelcobre.cl\/nueva\/continua-investigacion-en-socavon-de-tierra-amarilla\/","title":{"rendered":"Contin\u00faa investigaci\u00f3n en socav\u00f3n de Tierra Amarilla"},"content":{"rendered":"\n<h2 class=\"wp-block-heading\">El Primer Tribunal Ambiental inici\u00f3 una nueva inespecci\u00f3n en la Mina Alcaparrosa en el marco de la investigaci\u00f3n por el socav\u00f3n en Tierra Amarilla.<\/h2>\n\n\n\n<p class=\"has-medium-font-size\">El Primer Tribunal Ambiental realiz\u00f3 una exhaustiva inspecci\u00f3n al socav\u00f3n de Tierra Amarilla y a la mina Alcaparrosa con el fin de recabar antecedentes para determinar los alcances de la afectaci\u00f3n y las medidas tomadas por la minera para detener la filtraci\u00f3n de agua desde el acu\u00edfero hacia la mina.<\/p>\n\n\n\n<p class=\"has-medium-font-size\">El recorrido contempl\u00f3 diversos sectores como la plataforma de la mina y pozos de monitoreo, pero el que concit\u00f3 la mayor atenci\u00f3n fue el recorrido por el sector de los caserones Gaby donde se produjeron infiltraciones.&nbsp;<\/p>\n\n\n\n<p class=\"has-medium-font-size\">La diligencia se determin\u00f3 posterior a la audiencia de prueba en el que se presentaron cinco testigos por parte del CDE y cuatro por parte de la minera.<\/p>\n","protected":false},"excerpt":{"rendered":"<p>El Primer Tribunal Ambiental inici\u00f3 una nueva inespecci\u00f3n en la Mina Alcaparrosa en el marco de la investigaci\u00f3n<\/p>\n","protected":false},"author":3,"featured_media":6147,"comment_status":"closed","ping_status":"closed","sticky":false,"template":"","format":"standard","meta":{"footnotes":""},"categories":[51,52],"tags":[89],"class_list":["post-10533","post","type-post","status-publish","format-standard","has-post-thumbnail","hentry","category-chile","category-noticias","tag-mineria-4"],"rttpg_featured_image_url":{"full":["https:\/\/prodelcobre.cl\/nueva\/wp-content\/uploads\/2022\/08\/Socavon.jpg",640,360,false],"landscape":["https:\/\/prodelcobre.cl\/nueva\/wp-content\/uploads\/2022\/08\/Socavon.jpg",640,360,false],"portraits":["https:\/\/prodelcobre.cl\/nueva\/wp-content\/uploads\/2022\/08\/Socavon.jpg",640,360,false],"thumbnail":["https:\/\/prodelcobre.cl\/nueva\/wp-content\/uploads\/2022\/08\/Socavon-150x150.jpg",150,150,true],"medium":["https:\/\/prodelcobre.cl\/nueva\/wp-content\/uploads\/2022\/08\/Socavon.jpg",640,360,false],"large":["https:\/\/prodelcobre.cl\/nueva\/wp-content\/uploads\/2022\/08\/Socavon.jpg",640,360,false],"1536x1536":["https:\/\/prodelcobre.cl\/nueva\/wp-content\/uploads\/2022\/08\/Socavon.jpg",640,360,false],"2048x2048":["https:\/\/prodelcobre.cl\/nueva\/wp-content\/uploads\/2022\/08\/Socavon.jpg",640,360,false],"morenews-featured":["https:\/\/prodelcobre.cl\/nueva\/wp-content\/uploads\/2022\/08\/Socavon.jpg",640,360,false],"morenews-large":["https:\/\/prodelcobre.cl\/nueva\/wp-content\/uploads\/2022\/08\/Socavon.jpg",640,360,false],"morenews-medium":["https:\/\/prodelcobre.cl\/nueva\/wp-content\/uploads\/2022\/08\/Socavon.jpg",590,332,false],"psacp-medium":["https:\/\/prodelcobre.cl\/nueva\/wp-content\/uploads\/2022\/08\/Socavon.jpg",500,281,false]},"rttpg_author":{"display_name":"Francisco P\u00e9rez Alvi\u00e1rez","author_link":"https:\/\/prodelcobre.cl\/nueva\/author\/fperez\/"},"rttpg_comment":0,"rttpg_category":"<a href=\"https:\/\/prodelcobre.cl\/nueva\/category\/chile\/\" rel=\"category tag\">Chile<\/a> <a href=\"https:\/\/prodelcobre.cl\/nueva\/category\/noticias\/\" rel=\"category tag\">Noticias<\/a>","rttpg_excerpt":"El Primer Tribunal Ambiental inici\u00f3 una nueva inespecci\u00f3n en la Mina Alcaparrosa en el marco de la investigaci\u00f3n","_links":{"self":[{"href":"https:\/\/prodelcobre.cl\/nueva\/wp-json\/wp\/v2\/posts\/10533","targetHints":{"allow":["GET"]}}],"collection":[{"href":"https:\/\/prodelcobre.cl\/nueva\/wp-json\/wp\/v2\/posts"}],"about":[{"href":"https:\/\/prodelcobre.cl\/nueva\/wp-json\/wp\/v2\/types\/post"}],"author":[{"embeddable":true,"href":"https:\/\/prodelcobre.cl\/nueva\/wp-json\/wp\/v2\/users\/3"}],"replies":[{"embeddable":true,"href":"https:\/\/prodelcobre.cl\/nueva\/wp-json\/wp\/v2\/comments?post=10533"}],"version-history":[{"count":1,"href":"https:\/\/prodelcobre.cl\/nueva\/wp-json\/wp\/v2\/posts\/10533\/revisions"}],"predecessor-version":[{"id":10534,"href":"https:\/\/prodelcobre.cl\/nueva\/wp-json\/wp\/v2\/posts\/10533\/revisions\/10534"}],"wp:featuredmedia":[{"embeddable":true,"href":"https:\/\/prodelcobre.cl\/nueva\/wp-json\/wp\/v2\/media\/6147"}],"wp:attachment":[{"href":"https:\/\/prodelcobre.cl\/nueva\/wp-json\/wp\/v2\/media?parent=10533"}],"wp:term":[{"taxonomy":"category","embeddable":true,"href":"https:\/\/prodelcobre.cl\/nueva\/wp-json\/wp\/v2\/categories?post=10533"},{"taxonomy":"post_tag","embeddable":true,"href":"https:\/\/prodelcobre.cl\/nueva\/wp-json\/wp\/v2\/tags?post=10533"}],"curies":[{"name":"wp","href":"https:\/\/api.w.org\/{rel}","templated":true}]}}