{"id":10535,"date":"2023-12-14T07:04:00","date_gmt":"2023-12-14T10:04:00","guid":{"rendered":"https:\/\/prodelcobre.cl\/nueva\/?p=10535"},"modified":"2023-12-14T07:04:03","modified_gmt":"2023-12-14T10:04:03","slug":"compania-minera-del-pacifico-completo-hito-de-la-primera-flota-de-buses-100-electricos-en-chile","status":"publish","type":"post","link":"https:\/\/prodelcobre.cl\/nueva\/compania-minera-del-pacifico-completo-hito-de-la-primera-flota-de-buses-100-electricos-en-chile\/","title":{"rendered":"Compa\u00f1\u00eda Minera del Pac\u00edfico complet\u00f3 hito de la primera flota de buses 100% el\u00e9ctricos en Chile"},"content":{"rendered":"\n<h2 class=\"wp-block-heading\">Este hito se traduce en un esfuerzo concreto impulsado por CMP, donde se trabajar\u00e1 con liceos t\u00e9cnicos e institutos con el objetivo de fortalecer las mallas curriculares.<\/h2>\n\n\n\n<p class=\"has-medium-font-size\">La Compa\u00f1\u00eda Minera del Pac\u00edfico (CMP), complet\u00f3 con \u00e9xito su flota de buses 100% el\u00e9ctrica en Chile con el apoyo de la empresa de transportes Flex. La minera recibi\u00f3 la \u00faltima parte de estos veh\u00edculos que ser\u00e1n abastecidos por energ\u00eda renovable suministrada por Enel X, y utilizados para el traslado diario de sus trabajadores y trabajadoras.<\/p>\n\n\n\n<p class=\"has-medium-font-size\">Los 45 nuevos veh\u00edculos reemplazan la totalidad de los convencionales y permitir\u00e1n disminuir m\u00e1s de 3.000 toneladas anuales de CO2. Se trata de 45 veh\u00edculos el\u00e9ctricos con capacidad para 40 personas y con una autonom\u00eda promedio de 280 kil\u00f3metros. Tendr\u00e1n la misi\u00f3n de realizar el recorrido entre las ciudades de La Serena, Coquimbo; Vallenar, Freirina, Huasco; Copiap\u00f3, Tierra Amarilla y Caldera; hacia las faenas de CMP ubicadas en los valles de Elqui, Huasco y Copiap\u00f3, respectivamente.<\/p>\n\n\n\n<p class=\"has-medium-font-size\">La flota permitir\u00e1 a CMP adelantarse 12 a\u00f1os a la meta establecida en la estrategia nacional de electromovilidad al 2035 para transporte p\u00fablico, y en 22 a\u00f1os a la relacionada con buses interurbanos. Entre los beneficios, se lograr\u00e1 disminuir m\u00e1s de 3.000 toneladas anuales de CO2 emitidas al ambiente. Adem\u00e1s, no produce contaminaci\u00f3n ac\u00fastica en las ciudades y podr\u00e1 generar un ahorro operacional en torno a un 50% en comparaci\u00f3n a los buses a combusti\u00f3n di\u00e9sel.<\/p>\n","protected":false},"excerpt":{"rendered":"<p>Este hito se traduce en un esfuerzo concreto impulsado por CMP, donde se trabajar\u00e1 con liceos t\u00e9cnicos e<\/p>\n","protected":false},"author":3,"featured_media":10536,"comment_status":"closed","ping_status":"closed","sticky":false,"template":"","format":"standard","meta":{"footnotes":""},"categories":[51,52],"tags":[603],"class_list":["post-10535","post","type-post","status-publish","format-standard","has-post-thumbnail","hentry","category-chile","category-noticias","tag-electromovildad"],"rttpg_featured_image_url":{"full":["https:\/\/prodelcobre.cl\/nueva\/wp-content\/uploads\/2023\/12\/movil-free.jpg",275,183,false],"landscape":["https:\/\/prodelcobre.cl\/nueva\/wp-content\/uploads\/2023\/12\/movil-free.jpg",275,183,false],"portraits":["https:\/\/prodelcobre.cl\/nueva\/wp-content\/uploads\/2023\/12\/movil-free.jpg",275,183,false],"thumbnail":["https:\/\/prodelcobre.cl\/nueva\/wp-content\/uploads\/2023\/12\/movil-free-150x150.jpg",150,150,true],"medium":["https:\/\/prodelcobre.cl\/nueva\/wp-content\/uploads\/2023\/12\/movil-free.jpg",275,183,false],"large":["https:\/\/prodelcobre.cl\/nueva\/wp-content\/uploads\/2023\/12\/movil-free.jpg",275,183,false],"1536x1536":["https:\/\/prodelcobre.cl\/nueva\/wp-content\/uploads\/2023\/12\/movil-free.jpg",275,183,false],"2048x2048":["https:\/\/prodelcobre.cl\/nueva\/wp-content\/uploads\/2023\/12\/movil-free.jpg",275,183,false],"morenews-featured":["https:\/\/prodelcobre.cl\/nueva\/wp-content\/uploads\/2023\/12\/movil-free.jpg",275,183,false],"morenews-large":["https:\/\/prodelcobre.cl\/nueva\/wp-content\/uploads\/2023\/12\/movil-free.jpg",275,183,false],"morenews-medium":["https:\/\/prodelcobre.cl\/nueva\/wp-content\/uploads\/2023\/12\/movil-free.jpg",275,183,false],"psacp-medium":["https:\/\/prodelcobre.cl\/nueva\/wp-content\/uploads\/2023\/12\/movil-free.jpg",275,183,false]},"rttpg_author":{"display_name":"Francisco P\u00e9rez Alvi\u00e1rez","author_link":"https:\/\/prodelcobre.cl\/nueva\/author\/fperez\/"},"rttpg_comment":0,"rttpg_category":"<a href=\"https:\/\/prodelcobre.cl\/nueva\/category\/chile\/\" rel=\"category tag\">Chile<\/a> <a href=\"https:\/\/prodelcobre.cl\/nueva\/category\/noticias\/\" rel=\"category tag\">Noticias<\/a>","rttpg_excerpt":"Este hito se traduce en un esfuerzo concreto impulsado por CMP, donde se trabajar\u00e1 con liceos t\u00e9cnicos e","_links":{"self":[{"href":"https:\/\/prodelcobre.cl\/nueva\/wp-json\/wp\/v2\/posts\/10535","targetHints":{"allow":["GET"]}}],"collection":[{"href":"https:\/\/prodelcobre.cl\/nueva\/wp-json\/wp\/v2\/posts"}],"about":[{"href":"https:\/\/prodelcobre.cl\/nueva\/wp-json\/wp\/v2\/types\/post"}],"author":[{"embeddable":true,"href":"https:\/\/prodelcobre.cl\/nueva\/wp-json\/wp\/v2\/users\/3"}],"replies":[{"embeddable":true,"href":"https:\/\/prodelcobre.cl\/nueva\/wp-json\/wp\/v2\/comments?post=10535"}],"version-history":[{"count":1,"href":"https:\/\/prodelcobre.cl\/nueva\/wp-json\/wp\/v2\/posts\/10535\/revisions"}],"predecessor-version":[{"id":10537,"href":"https:\/\/prodelcobre.cl\/nueva\/wp-json\/wp\/v2\/posts\/10535\/revisions\/10537"}],"wp:featuredmedia":[{"embeddable":true,"href":"https:\/\/prodelcobre.cl\/nueva\/wp-json\/wp\/v2\/media\/10536"}],"wp:attachment":[{"href":"https:\/\/prodelcobre.cl\/nueva\/wp-json\/wp\/v2\/media?parent=10535"}],"wp:term":[{"taxonomy":"category","embeddable":true,"href":"https:\/\/prodelcobre.cl\/nueva\/wp-json\/wp\/v2\/categories?post=10535"},{"taxonomy":"post_tag","embeddable":true,"href":"https:\/\/prodelcobre.cl\/nueva\/wp-json\/wp\/v2\/tags?post=10535"}],"curies":[{"name":"wp","href":"https:\/\/api.w.org\/{rel}","templated":true}]}}