{"id":10544,"date":"2023-12-14T11:37:45","date_gmt":"2023-12-14T14:37:45","guid":{"rendered":"https:\/\/prodelcobre.cl\/nueva\/?p=10544"},"modified":"2023-12-14T11:37:47","modified_gmt":"2023-12-14T14:37:47","slug":"codelco-y-udec-colaboraran-para-producir-cobre-de-forma-mas-sustentable","status":"publish","type":"post","link":"https:\/\/prodelcobre.cl\/nueva\/codelco-y-udec-colaboraran-para-producir-cobre-de-forma-mas-sustentable\/","title":{"rendered":"Codelco y UdeC colaborar\u00e1n para producir cobre de forma m\u00e1s sustentable"},"content":{"rendered":"\n<h2 class=\"wp-block-heading\">La estatal trabajar\u00e1 en colaboraci\u00f3n con la casa de estudios para buscar nuevas oportunidades en torno a las nuevas tecnolog\u00edas para el cobre.<\/h2>\n\n\n\n<p class=\"has-medium-font-size\">La Universidad de Concepci\u00f3n y Codelco estrecharon lazos de colaboraci\u00f3n para lograr procesamiento de concentrados de cobre cero emisiones y cero escorias, esto en el marco de la visita del presidente del directorio de Codelco, M\u00e1ximo Pacheco, a esta casa de estudios. <\/p>\n\n\n\n<p class=\"has-medium-font-size\">La reuni\u00f3n se desarroll\u00f3 en el marco de la visita a la casa de estudios penquista para conocer el avance de la tecnolog\u00eda de<strong>&nbsp;procesamiento de concentrados de cobre cero emisiones y cero escorias<\/strong>&nbsp;que se desarrolla al alero del grupo de metalurgia qu\u00edmica de la Facultad de Ingenier\u00eda, que lidera el Dr. Igor Wilkomirsky junto a un equipo de acad\u00e9micos, investigadores y estudiantes de postgrado de la Universidad.<\/p>\n","protected":false},"excerpt":{"rendered":"<p>La estatal trabajar\u00e1 en colaboraci\u00f3n con la casa de estudios para buscar nuevas oportunidades en torno a las<\/p>\n","protected":false},"author":3,"featured_media":9649,"comment_status":"closed","ping_status":"closed","sticky":false,"template":"","format":"standard","meta":{"footnotes":""},"categories":[51,52],"tags":[101],"class_list":["post-10544","post","type-post","status-publish","format-standard","has-post-thumbnail","hentry","category-chile","category-noticias","tag-codelco"],"rttpg_featured_image_url":{"full":["https:\/\/prodelcobre.cl\/nueva\/wp-content\/uploads\/2023\/11\/LOGO-CODELCO-FOTO-GPI-WEB.jpg",800,465,false],"landscape":["https:\/\/prodelcobre.cl\/nueva\/wp-content\/uploads\/2023\/11\/LOGO-CODELCO-FOTO-GPI-WEB.jpg",800,465,false],"portraits":["https:\/\/prodelcobre.cl\/nueva\/wp-content\/uploads\/2023\/11\/LOGO-CODELCO-FOTO-GPI-WEB.jpg",800,465,false],"thumbnail":["https:\/\/prodelcobre.cl\/nueva\/wp-content\/uploads\/2023\/11\/LOGO-CODELCO-FOTO-GPI-WEB-150x150.jpg",150,150,true],"medium":["https:\/\/prodelcobre.cl\/nueva\/wp-content\/uploads\/2023\/11\/LOGO-CODELCO-FOTO-GPI-WEB.jpg",800,465,false],"large":["https:\/\/prodelcobre.cl\/nueva\/wp-content\/uploads\/2023\/11\/LOGO-CODELCO-FOTO-GPI-WEB.jpg",800,465,false],"1536x1536":["https:\/\/prodelcobre.cl\/nueva\/wp-content\/uploads\/2023\/11\/LOGO-CODELCO-FOTO-GPI-WEB.jpg",800,465,false],"2048x2048":["https:\/\/prodelcobre.cl\/nueva\/wp-content\/uploads\/2023\/11\/LOGO-CODELCO-FOTO-GPI-WEB.jpg",800,465,false],"morenews-featured":["https:\/\/prodelcobre.cl\/nueva\/wp-content\/uploads\/2023\/11\/LOGO-CODELCO-FOTO-GPI-WEB.jpg",800,465,false],"morenews-large":["https:\/\/prodelcobre.cl\/nueva\/wp-content\/uploads\/2023\/11\/LOGO-CODELCO-FOTO-GPI-WEB.jpg",800,465,false],"morenews-medium":["https:\/\/prodelcobre.cl\/nueva\/wp-content\/uploads\/2023\/11\/LOGO-CODELCO-FOTO-GPI-WEB-590x410.jpg",590,410,true],"psacp-medium":["https:\/\/prodelcobre.cl\/nueva\/wp-content\/uploads\/2023\/11\/LOGO-CODELCO-FOTO-GPI-WEB.jpg",500,291,false]},"rttpg_author":{"display_name":"Francisco P\u00e9rez Alvi\u00e1rez","author_link":"https:\/\/prodelcobre.cl\/nueva\/author\/fperez\/"},"rttpg_comment":0,"rttpg_category":"<a href=\"https:\/\/prodelcobre.cl\/nueva\/category\/chile\/\" rel=\"category tag\">Chile<\/a> <a href=\"https:\/\/prodelcobre.cl\/nueva\/category\/noticias\/\" rel=\"category tag\">Noticias<\/a>","rttpg_excerpt":"La estatal trabajar\u00e1 en colaboraci\u00f3n con la casa de estudios para buscar nuevas oportunidades en torno a las","_links":{"self":[{"href":"https:\/\/prodelcobre.cl\/nueva\/wp-json\/wp\/v2\/posts\/10544","targetHints":{"allow":["GET"]}}],"collection":[{"href":"https:\/\/prodelcobre.cl\/nueva\/wp-json\/wp\/v2\/posts"}],"about":[{"href":"https:\/\/prodelcobre.cl\/nueva\/wp-json\/wp\/v2\/types\/post"}],"author":[{"embeddable":true,"href":"https:\/\/prodelcobre.cl\/nueva\/wp-json\/wp\/v2\/users\/3"}],"replies":[{"embeddable":true,"href":"https:\/\/prodelcobre.cl\/nueva\/wp-json\/wp\/v2\/comments?post=10544"}],"version-history":[{"count":1,"href":"https:\/\/prodelcobre.cl\/nueva\/wp-json\/wp\/v2\/posts\/10544\/revisions"}],"predecessor-version":[{"id":10545,"href":"https:\/\/prodelcobre.cl\/nueva\/wp-json\/wp\/v2\/posts\/10544\/revisions\/10545"}],"wp:featuredmedia":[{"embeddable":true,"href":"https:\/\/prodelcobre.cl\/nueva\/wp-json\/wp\/v2\/media\/9649"}],"wp:attachment":[{"href":"https:\/\/prodelcobre.cl\/nueva\/wp-json\/wp\/v2\/media?parent=10544"}],"wp:term":[{"taxonomy":"category","embeddable":true,"href":"https:\/\/prodelcobre.cl\/nueva\/wp-json\/wp\/v2\/categories?post=10544"},{"taxonomy":"post_tag","embeddable":true,"href":"https:\/\/prodelcobre.cl\/nueva\/wp-json\/wp\/v2\/tags?post=10544"}],"curies":[{"name":"wp","href":"https:\/\/api.w.org\/{rel}","templated":true}]}}