{"id":10546,"date":"2023-12-14T12:08:01","date_gmt":"2023-12-14T15:08:01","guid":{"rendered":"https:\/\/prodelcobre.cl\/nueva\/?p=10546"},"modified":"2023-12-14T12:08:03","modified_gmt":"2023-12-14T15:08:03","slug":"inventarios-de-la-mineria-del-cobre-subieron-06-en-octubre-de-2023","status":"publish","type":"post","link":"https:\/\/prodelcobre.cl\/nueva\/inventarios-de-la-mineria-del-cobre-subieron-06-en-octubre-de-2023\/","title":{"rendered":"Inventarios de la miner\u00eda del cobre subieron 0,6% en octubre de 2023"},"content":{"rendered":"\n<h2 class=\"wp-block-heading\">El alza estuvo influida por los productos de miner\u00eda de cobre e insumos industriales.<\/h2>\n\n\n\n<p class=\"has-medium-font-size\">El Instituto Nacional de Estad\u00edstica dio cuenta del \u00cdndice de Inventarios de la Miner\u00eda del Cobre (IIMCu) el cual creci\u00f3 0,6% en comparaci\u00f3n con el mes anterior, debido al alza de productos de la miner\u00eda del cobre, que aport\u00f3 0,380 puntos porcentuales, y de insumos industriales, que contribuy\u00f3 con 0,189 puntos porcentuales.<\/p>\n\n\n\n<p class=\"has-medium-font-size\">Seg\u00fan indic\u00f3 el INE, se publicar\u00e1n los \u00edndices de Inventarios con base diciembre 2018=100. Entre los indicadores considerados en esta actualizaci\u00f3n se encuentran: i) \u00cdndice de Inventarios del Comercio (IICom); ii) \u00cdndice de Inventarios de la Miner\u00eda del Cobre (IIMCu) e iii) \u00cdndice de Inventarios de la Industria Manufacturera (IIMan).<\/p>\n\n\n\n<p class=\"has-medium-font-size\">Los resultados completos de los \u00cdndices de Inventarios de la Miner\u00eda del Cobre, Industria Manufactura y Comercio de octubre de 2023 est\u00e1n disponibles en&nbsp;<a href=\"https:\/\/www.ine.gob.cl\/\" target=\"_blank\" rel=\"noreferrer noopener\">www.ine.gob.cl<\/a>.<\/p>\n","protected":false},"excerpt":{"rendered":"<p>El alza estuvo influida por los productos de miner\u00eda de cobre e insumos industriales. El Instituto Nacional de<\/p>\n","protected":false},"author":3,"featured_media":3972,"comment_status":"closed","ping_status":"closed","sticky":false,"template":"","format":"standard","meta":{"footnotes":""},"categories":[51,52],"tags":[78,89],"class_list":["post-10546","post","type-post","status-publish","format-standard","has-post-thumbnail","hentry","category-chile","category-noticias","tag-cobre","tag-mineria-4"],"rttpg_featured_image_url":{"full":["https:\/\/prodelcobre.cl\/nueva\/wp-content\/uploads\/2021\/02\/Cobre.jpg",765,550,false],"landscape":["https:\/\/prodelcobre.cl\/nueva\/wp-content\/uploads\/2021\/02\/Cobre.jpg",765,550,false],"portraits":["https:\/\/prodelcobre.cl\/nueva\/wp-content\/uploads\/2021\/02\/Cobre.jpg",765,550,false],"thumbnail":["https:\/\/prodelcobre.cl\/nueva\/wp-content\/uploads\/2021\/02\/Cobre-150x150.jpg",150,150,true],"medium":["https:\/\/prodelcobre.cl\/nueva\/wp-content\/uploads\/2021\/02\/Cobre.jpg",765,550,false],"large":["https:\/\/prodelcobre.cl\/nueva\/wp-content\/uploads\/2021\/02\/Cobre.jpg",765,550,false],"1536x1536":["https:\/\/prodelcobre.cl\/nueva\/wp-content\/uploads\/2021\/02\/Cobre.jpg",765,550,false],"2048x2048":["https:\/\/prodelcobre.cl\/nueva\/wp-content\/uploads\/2021\/02\/Cobre.jpg",765,550,false],"morenews-featured":["https:\/\/prodelcobre.cl\/nueva\/wp-content\/uploads\/2021\/02\/Cobre.jpg",765,550,false],"morenews-large":["https:\/\/prodelcobre.cl\/nueva\/wp-content\/uploads\/2021\/02\/Cobre.jpg",765,550,false],"morenews-medium":["https:\/\/prodelcobre.cl\/nueva\/wp-content\/uploads\/2021\/02\/Cobre.jpg",570,410,false],"psacp-medium":["https:\/\/prodelcobre.cl\/nueva\/wp-content\/uploads\/2021\/02\/Cobre.jpg",500,359,false]},"rttpg_author":{"display_name":"Francisco P\u00e9rez Alvi\u00e1rez","author_link":"https:\/\/prodelcobre.cl\/nueva\/author\/fperez\/"},"rttpg_comment":0,"rttpg_category":"<a href=\"https:\/\/prodelcobre.cl\/nueva\/category\/chile\/\" rel=\"category tag\">Chile<\/a> <a href=\"https:\/\/prodelcobre.cl\/nueva\/category\/noticias\/\" rel=\"category tag\">Noticias<\/a>","rttpg_excerpt":"El alza estuvo influida por los productos de miner\u00eda de cobre e insumos industriales. El Instituto Nacional de","_links":{"self":[{"href":"https:\/\/prodelcobre.cl\/nueva\/wp-json\/wp\/v2\/posts\/10546","targetHints":{"allow":["GET"]}}],"collection":[{"href":"https:\/\/prodelcobre.cl\/nueva\/wp-json\/wp\/v2\/posts"}],"about":[{"href":"https:\/\/prodelcobre.cl\/nueva\/wp-json\/wp\/v2\/types\/post"}],"author":[{"embeddable":true,"href":"https:\/\/prodelcobre.cl\/nueva\/wp-json\/wp\/v2\/users\/3"}],"replies":[{"embeddable":true,"href":"https:\/\/prodelcobre.cl\/nueva\/wp-json\/wp\/v2\/comments?post=10546"}],"version-history":[{"count":1,"href":"https:\/\/prodelcobre.cl\/nueva\/wp-json\/wp\/v2\/posts\/10546\/revisions"}],"predecessor-version":[{"id":10553,"href":"https:\/\/prodelcobre.cl\/nueva\/wp-json\/wp\/v2\/posts\/10546\/revisions\/10553"}],"wp:featuredmedia":[{"embeddable":true,"href":"https:\/\/prodelcobre.cl\/nueva\/wp-json\/wp\/v2\/media\/3972"}],"wp:attachment":[{"href":"https:\/\/prodelcobre.cl\/nueva\/wp-json\/wp\/v2\/media?parent=10546"}],"wp:term":[{"taxonomy":"category","embeddable":true,"href":"https:\/\/prodelcobre.cl\/nueva\/wp-json\/wp\/v2\/categories?post=10546"},{"taxonomy":"post_tag","embeddable":true,"href":"https:\/\/prodelcobre.cl\/nueva\/wp-json\/wp\/v2\/tags?post=10546"}],"curies":[{"name":"wp","href":"https:\/\/api.w.org\/{rel}","templated":true}]}}