{"id":10650,"date":"2023-12-19T08:30:07","date_gmt":"2023-12-19T11:30:07","guid":{"rendered":"https:\/\/prodelcobre.cl\/nueva\/?p=10650"},"modified":"2023-12-19T08:30:08","modified_gmt":"2023-12-19T11:30:08","slug":"codelco-cerro-acuerdos-colectivos-con-sindicatos-de-ventanas-y-supervisores-de-casa-matriz","status":"publish","type":"post","link":"https:\/\/prodelcobre.cl\/nueva\/codelco-cerro-acuerdos-colectivos-con-sindicatos-de-ventanas-y-supervisores-de-casa-matriz\/","title":{"rendered":"Codelco cerr\u00f3 acuerdos colectivos con sindicatos de Ventanas y Supervisores de Casa Matriz"},"content":{"rendered":"\n<h2 class=\"wp-block-heading\" id=\"block-1b30dbbd-37a7-4fbe-aed3-fff3857c0ff7\">La Corporaci\u00f3n valor\u00f3 la franqueza y actitud en la que se desarrollaron los tres procesos de negociaci\u00f3n.<\/h2>\n\n\n\n<p class=\"has-medium-font-size\" id=\"block-b0b93955-c9bd-4353-abbb-1675704c098d\">Codelc\u00f3 logr\u00f3 cerrar los acuerdos de negociaci\u00f3n colectiva con los trabajadores del Sindicato N\u00b0 1 y el Sindicato Turnados de la Divisi\u00f3n Ventanas, as\u00ed como con el Sindicato de Supervisores de Casa Matriz, quienes aceptaron las propuestas de la compa\u00f1\u00eda en el marco de la negociaci\u00f3n que inici\u00f3 en noviembre pasado.<\/p>\n\n\n\n<p class=\"has-medium-font-size\" id=\"block-2e25990a-7f5b-4a1a-aac9-094a35beefd0\">Los acuerdos f<strong>ueron aprobados con 77% y 73,1% de los votos emitidos<\/strong>, respectivamente. Ambos tendr\u00e1n una vigencia de 36 meses, a contar del 1 de febrero de 2024 el del Sindicato N\u00b01 y desde el 1 de mayo, el de Turnados. En Santiago, en tanto, el nuevo contrato, que fue aprobado por 92% de quienes emitieron su voto, regir\u00e1 durante 30 meses a partir del 1 de enero de 2024.<\/p>\n","protected":false},"excerpt":{"rendered":"<p>La Corporaci\u00f3n valor\u00f3 la franqueza y actitud en la que se desarrollaron los tres procesos de negociaci\u00f3n. Codelc\u00f3<\/p>\n","protected":false},"author":3,"featured_media":8063,"comment_status":"closed","ping_status":"closed","sticky":false,"template":"","format":"standard","meta":{"footnotes":""},"categories":[51,52],"tags":[101,89],"class_list":["post-10650","post","type-post","status-publish","format-standard","has-post-thumbnail","hentry","category-chile","category-noticias","tag-codelco","tag-mineria-4"],"rttpg_featured_image_url":{"full":["https:\/\/prodelcobre.cl\/nueva\/wp-content\/uploads\/2023\/04\/codelco-1.jpg",1069,624,false],"landscape":["https:\/\/prodelcobre.cl\/nueva\/wp-content\/uploads\/2023\/04\/codelco-1.jpg",1069,624,false],"portraits":["https:\/\/prodelcobre.cl\/nueva\/wp-content\/uploads\/2023\/04\/codelco-1.jpg",1069,624,false],"thumbnail":["https:\/\/prodelcobre.cl\/nueva\/wp-content\/uploads\/2023\/04\/codelco-1-150x150.jpg",150,150,true],"medium":["https:\/\/prodelcobre.cl\/nueva\/wp-content\/uploads\/2023\/04\/codelco-1.jpg",1069,624,false],"large":["https:\/\/prodelcobre.cl\/nueva\/wp-content\/uploads\/2023\/04\/codelco-1.jpg",1069,624,false],"1536x1536":["https:\/\/prodelcobre.cl\/nueva\/wp-content\/uploads\/2023\/04\/codelco-1.jpg",1069,624,false],"2048x2048":["https:\/\/prodelcobre.cl\/nueva\/wp-content\/uploads\/2023\/04\/codelco-1.jpg",1069,624,false],"morenews-featured":["https:\/\/prodelcobre.cl\/nueva\/wp-content\/uploads\/2023\/04\/codelco-1.jpg",1024,598,false],"morenews-large":["https:\/\/prodelcobre.cl\/nueva\/wp-content\/uploads\/2023\/04\/codelco-1.jpg",825,482,false],"morenews-medium":["https:\/\/prodelcobre.cl\/nueva\/wp-content\/uploads\/2023\/04\/codelco-1.jpg",590,344,false],"psacp-medium":["https:\/\/prodelcobre.cl\/nueva\/wp-content\/uploads\/2023\/04\/codelco-1.jpg",500,292,false]},"rttpg_author":{"display_name":"Francisco P\u00e9rez Alvi\u00e1rez","author_link":"https:\/\/prodelcobre.cl\/nueva\/author\/fperez\/"},"rttpg_comment":0,"rttpg_category":"<a href=\"https:\/\/prodelcobre.cl\/nueva\/category\/chile\/\" rel=\"category tag\">Chile<\/a> <a href=\"https:\/\/prodelcobre.cl\/nueva\/category\/noticias\/\" rel=\"category tag\">Noticias<\/a>","rttpg_excerpt":"La Corporaci\u00f3n valor\u00f3 la franqueza y actitud en la que se desarrollaron los tres procesos de negociaci\u00f3n. Codelc\u00f3","_links":{"self":[{"href":"https:\/\/prodelcobre.cl\/nueva\/wp-json\/wp\/v2\/posts\/10650","targetHints":{"allow":["GET"]}}],"collection":[{"href":"https:\/\/prodelcobre.cl\/nueva\/wp-json\/wp\/v2\/posts"}],"about":[{"href":"https:\/\/prodelcobre.cl\/nueva\/wp-json\/wp\/v2\/types\/post"}],"author":[{"embeddable":true,"href":"https:\/\/prodelcobre.cl\/nueva\/wp-json\/wp\/v2\/users\/3"}],"replies":[{"embeddable":true,"href":"https:\/\/prodelcobre.cl\/nueva\/wp-json\/wp\/v2\/comments?post=10650"}],"version-history":[{"count":1,"href":"https:\/\/prodelcobre.cl\/nueva\/wp-json\/wp\/v2\/posts\/10650\/revisions"}],"predecessor-version":[{"id":10651,"href":"https:\/\/prodelcobre.cl\/nueva\/wp-json\/wp\/v2\/posts\/10650\/revisions\/10651"}],"wp:featuredmedia":[{"embeddable":true,"href":"https:\/\/prodelcobre.cl\/nueva\/wp-json\/wp\/v2\/media\/8063"}],"wp:attachment":[{"href":"https:\/\/prodelcobre.cl\/nueva\/wp-json\/wp\/v2\/media?parent=10650"}],"wp:term":[{"taxonomy":"category","embeddable":true,"href":"https:\/\/prodelcobre.cl\/nueva\/wp-json\/wp\/v2\/categories?post=10650"},{"taxonomy":"post_tag","embeddable":true,"href":"https:\/\/prodelcobre.cl\/nueva\/wp-json\/wp\/v2\/tags?post=10650"}],"curies":[{"name":"wp","href":"https:\/\/api.w.org\/{rel}","templated":true}]}}