{"id":10671,"date":"2023-12-20T08:01:34","date_gmt":"2023-12-20T11:01:34","guid":{"rendered":"https:\/\/prodelcobre.cl\/nueva\/?p=10671"},"modified":"2023-12-20T08:01:35","modified_gmt":"2023-12-20T11:01:35","slug":"codelco-y-antofagasta-minerals-firmaron-acuerdo-de-colaboracion-para-mejorar-operaciones","status":"publish","type":"post","link":"https:\/\/prodelcobre.cl\/nueva\/codelco-y-antofagasta-minerals-firmaron-acuerdo-de-colaboracion-para-mejorar-operaciones\/","title":{"rendered":"Codelco y Antofagasta Minerals firmaron acuerdo de colaboraci\u00f3n para mejorar operaciones"},"content":{"rendered":"\n<h2 class=\"wp-block-heading\">Este acuerdo establece un marco de trabajo con un comit\u00e9 directivo y grupos de tarea compuestos por profesionales de las dos compa\u00f1\u00edas.<\/h2>\n\n\n\n<p class=\"has-medium-font-size\">Codelco y Antofagasta Minerals, por medio de sus presidentes ejecutivos, Rub\u00e9n Alvarado e Iv\u00e1n Arriagada respectivamente, firmaron un acuerdo que busca abarcar \u00e1reas de mutuo inter\u00e9s, permitiendo la investigaci\u00f3n y futuro desarrollo de iniciativas innovadoras que impacten positivamente en las operaciones.<\/p>\n\n\n\n<p class=\"has-medium-font-size\">Ambas compa\u00f1\u00edas buscan colaborar en la identificaci\u00f3n y futuro desarrollo de iniciativas en torno a algunos de los principales desaf\u00edos que abordan ambas compa\u00f1\u00edas, en \u00e1mbitos como extracci\u00f3n, procesos metal\u00fargicos, monitoreo y gesti\u00f3n de relaves, transformaci\u00f3n digital, innovaci\u00f3n abierta y operacional, y excelencia operacional.<\/p>\n\n\n\n<p class=\"has-medium-font-size\">Este acuerdo establece un marco de trabajo con un comit\u00e9 directivo y grupos de tarea compuestos por profesionales de las dos compa\u00f1\u00edas, quienes deber\u00e1n interactuar peri\u00f3dicamente para identificar y acordar iniciativas que posteriormente podr\u00e1n estructurase como proyectos conjuntos.<\/p>\n","protected":false},"excerpt":{"rendered":"<p>Este acuerdo establece un marco de trabajo con un comit\u00e9 directivo y grupos de tarea compuestos por profesionales<\/p>\n","protected":false},"author":3,"featured_media":4741,"comment_status":"closed","ping_status":"closed","sticky":false,"template":"","format":"standard","meta":{"footnotes":""},"categories":[51,52],"tags":[101],"class_list":["post-10671","post","type-post","status-publish","format-standard","has-post-thumbnail","hentry","category-chile","category-noticias","tag-codelco"],"rttpg_featured_image_url":{"full":["https:\/\/prodelcobre.cl\/nueva\/wp-content\/uploads\/2022\/02\/Imagen-Codelco-11.jpg",900,600,false],"landscape":["https:\/\/prodelcobre.cl\/nueva\/wp-content\/uploads\/2022\/02\/Imagen-Codelco-11.jpg",900,600,false],"portraits":["https:\/\/prodelcobre.cl\/nueva\/wp-content\/uploads\/2022\/02\/Imagen-Codelco-11.jpg",900,600,false],"thumbnail":["https:\/\/prodelcobre.cl\/nueva\/wp-content\/uploads\/2022\/02\/Imagen-Codelco-11-150x150.jpg",150,150,true],"medium":["https:\/\/prodelcobre.cl\/nueva\/wp-content\/uploads\/2022\/02\/Imagen-Codelco-11.jpg",900,600,false],"large":["https:\/\/prodelcobre.cl\/nueva\/wp-content\/uploads\/2022\/02\/Imagen-Codelco-11.jpg",900,600,false],"1536x1536":["https:\/\/prodelcobre.cl\/nueva\/wp-content\/uploads\/2022\/02\/Imagen-Codelco-11.jpg",900,600,false],"2048x2048":["https:\/\/prodelcobre.cl\/nueva\/wp-content\/uploads\/2022\/02\/Imagen-Codelco-11.jpg",900,600,false],"morenews-featured":["https:\/\/prodelcobre.cl\/nueva\/wp-content\/uploads\/2022\/02\/Imagen-Codelco-11.jpg",900,600,false],"morenews-large":["https:\/\/prodelcobre.cl\/nueva\/wp-content\/uploads\/2022\/02\/Imagen-Codelco-11.jpg",825,550,false],"morenews-medium":["https:\/\/prodelcobre.cl\/nueva\/wp-content\/uploads\/2022\/02\/Imagen-Codelco-11.jpg",590,393,false],"psacp-medium":["https:\/\/prodelcobre.cl\/nueva\/wp-content\/uploads\/2022\/02\/Imagen-Codelco-11.jpg",500,333,false]},"rttpg_author":{"display_name":"Francisco P\u00e9rez Alvi\u00e1rez","author_link":"https:\/\/prodelcobre.cl\/nueva\/author\/fperez\/"},"rttpg_comment":0,"rttpg_category":"<a href=\"https:\/\/prodelcobre.cl\/nueva\/category\/chile\/\" rel=\"category tag\">Chile<\/a> <a href=\"https:\/\/prodelcobre.cl\/nueva\/category\/noticias\/\" rel=\"category tag\">Noticias<\/a>","rttpg_excerpt":"Este acuerdo establece un marco de trabajo con un comit\u00e9 directivo y grupos de tarea compuestos por profesionales","_links":{"self":[{"href":"https:\/\/prodelcobre.cl\/nueva\/wp-json\/wp\/v2\/posts\/10671","targetHints":{"allow":["GET"]}}],"collection":[{"href":"https:\/\/prodelcobre.cl\/nueva\/wp-json\/wp\/v2\/posts"}],"about":[{"href":"https:\/\/prodelcobre.cl\/nueva\/wp-json\/wp\/v2\/types\/post"}],"author":[{"embeddable":true,"href":"https:\/\/prodelcobre.cl\/nueva\/wp-json\/wp\/v2\/users\/3"}],"replies":[{"embeddable":true,"href":"https:\/\/prodelcobre.cl\/nueva\/wp-json\/wp\/v2\/comments?post=10671"}],"version-history":[{"count":1,"href":"https:\/\/prodelcobre.cl\/nueva\/wp-json\/wp\/v2\/posts\/10671\/revisions"}],"predecessor-version":[{"id":10672,"href":"https:\/\/prodelcobre.cl\/nueva\/wp-json\/wp\/v2\/posts\/10671\/revisions\/10672"}],"wp:featuredmedia":[{"embeddable":true,"href":"https:\/\/prodelcobre.cl\/nueva\/wp-json\/wp\/v2\/media\/4741"}],"wp:attachment":[{"href":"https:\/\/prodelcobre.cl\/nueva\/wp-json\/wp\/v2\/media?parent=10671"}],"wp:term":[{"taxonomy":"category","embeddable":true,"href":"https:\/\/prodelcobre.cl\/nueva\/wp-json\/wp\/v2\/categories?post=10671"},{"taxonomy":"post_tag","embeddable":true,"href":"https:\/\/prodelcobre.cl\/nueva\/wp-json\/wp\/v2\/tags?post=10671"}],"curies":[{"name":"wp","href":"https:\/\/api.w.org\/{rel}","templated":true}]}}