{"id":11633,"date":"2024-04-02T10:21:39","date_gmt":"2024-04-02T13:21:39","guid":{"rendered":"https:\/\/prodelcobre.cl\/nueva\/?p=11633"},"modified":"2024-04-02T10:21:39","modified_gmt":"2024-04-02T13:21:39","slug":"enami-ejecutara-plan-de-reestructuracion-bancaria-y-operacional-para-solventar-su-situacion-financiera","status":"publish","type":"post","link":"https:\/\/prodelcobre.cl\/nueva\/enami-ejecutara-plan-de-reestructuracion-bancaria-y-operacional-para-solventar-su-situacion-financiera\/","title":{"rendered":"Enami ejecutar\u00e1 plan de reestructuraci\u00f3n bancaria y operacional para solventar su situaci\u00f3n financiera"},"content":{"rendered":"\n<h2 class=\"wp-block-heading\">La estatal busca revertir su actual situaci\u00f3n patrimonial que presenta p\u00e9rdidas y deudas. <\/h2>\n\n\n\n<p class=\"has-medium-font-size\">Enami inform\u00f3 de su plan de reestructuraci\u00f3n bancaria y operacional al a\u00f1o 2025 que se encuentra en ejecuci\u00f3n ante el escenario de p\u00e9rdidas y deudas que vive la compa\u00f1\u00eda, situaci\u00f3n publicada en los estados financieros del 2023 presentados el pasado 30 de marzo ante la Comisi\u00f3n para el Mercado Financiero. <\/p>\n\n\n\n<p class=\"has-medium-font-size\">El plan de transici\u00f3n al 2025 orientado a la estabilizaci\u00f3n operacional de la compa\u00f1\u00eda, que permita reestructurar la actual deuda con bancos nacionales e internacionales, as\u00ed como una serie de acciones que permitan revertir el d\u00e9ficit de caja.<\/p>\n\n\n\n<p class=\"has-medium-font-size\">El resultado del periodo presenta al 31 de diciembre de 2023 una p\u00e9rdida de MUS$200.874 y una deuda financiera de corto plazo de MUS$634.703, cifras que reflejan principalmente el impacto de las deficiencias en las operaciones de la Fundici\u00f3n Hern\u00e1n Videla Lira y su alto costo financiero asociado a deuda bancaria.<\/p>\n","protected":false},"excerpt":{"rendered":"<p>La estatal busca revertir su actual situaci\u00f3n patrimonial que presenta p\u00e9rdidas y deudas. Enami inform\u00f3 de su plan<\/p>\n","protected":false},"author":3,"featured_media":5280,"comment_status":"closed","ping_status":"closed","sticky":false,"template":"","format":"standard","meta":{"footnotes":""},"categories":[51,52],"tags":[187],"class_list":["post-11633","post","type-post","status-publish","format-standard","has-post-thumbnail","hentry","category-chile","category-noticias","tag-enami"],"rttpg_featured_image_url":{"full":["https:\/\/prodelcobre.cl\/nueva\/wp-content\/uploads\/2022\/04\/ENAMI_building-scaled.jpg",2560,1920,false],"landscape":["https:\/\/prodelcobre.cl\/nueva\/wp-content\/uploads\/2022\/04\/ENAMI_building-scaled.jpg",2560,1920,false],"portraits":["https:\/\/prodelcobre.cl\/nueva\/wp-content\/uploads\/2022\/04\/ENAMI_building-scaled.jpg",2560,1920,false],"thumbnail":["https:\/\/prodelcobre.cl\/nueva\/wp-content\/uploads\/2022\/04\/ENAMI_building-150x150.jpg",150,150,true],"medium":["https:\/\/prodelcobre.cl\/nueva\/wp-content\/uploads\/2022\/04\/ENAMI_building-scaled.jpg",2560,1920,false],"large":["https:\/\/prodelcobre.cl\/nueva\/wp-content\/uploads\/2022\/04\/ENAMI_building-scaled.jpg",2560,1920,false],"1536x1536":["https:\/\/prodelcobre.cl\/nueva\/wp-content\/uploads\/2022\/04\/ENAMI_building-1536x1152.jpg",1536,1152,true],"2048x2048":["https:\/\/prodelcobre.cl\/nueva\/wp-content\/uploads\/2022\/04\/ENAMI_building-2048x1536.jpg",2048,1536,true],"morenews-featured":["https:\/\/prodelcobre.cl\/nueva\/wp-content\/uploads\/2022\/04\/ENAMI_building-scaled.jpg",1024,768,false],"morenews-large":["https:\/\/prodelcobre.cl\/nueva\/wp-content\/uploads\/2022\/04\/ENAMI_building-scaled.jpg",767,575,false],"morenews-medium":["https:\/\/prodelcobre.cl\/nueva\/wp-content\/uploads\/2022\/04\/ENAMI_building-scaled.jpg",547,410,false],"psacp-medium":["https:\/\/prodelcobre.cl\/nueva\/wp-content\/uploads\/2022\/04\/ENAMI_building-scaled.jpg",500,375,false]},"rttpg_author":{"display_name":"Francisco P\u00e9rez Alvi\u00e1rez","author_link":"https:\/\/prodelcobre.cl\/nueva\/author\/fperez\/"},"rttpg_comment":0,"rttpg_category":"<a href=\"https:\/\/prodelcobre.cl\/nueva\/category\/chile\/\" rel=\"category tag\">Chile<\/a> <a href=\"https:\/\/prodelcobre.cl\/nueva\/category\/noticias\/\" rel=\"category tag\">Noticias<\/a>","rttpg_excerpt":"La estatal busca revertir su actual situaci\u00f3n patrimonial que presenta p\u00e9rdidas y deudas. Enami inform\u00f3 de su plan","_links":{"self":[{"href":"https:\/\/prodelcobre.cl\/nueva\/wp-json\/wp\/v2\/posts\/11633","targetHints":{"allow":["GET"]}}],"collection":[{"href":"https:\/\/prodelcobre.cl\/nueva\/wp-json\/wp\/v2\/posts"}],"about":[{"href":"https:\/\/prodelcobre.cl\/nueva\/wp-json\/wp\/v2\/types\/post"}],"author":[{"embeddable":true,"href":"https:\/\/prodelcobre.cl\/nueva\/wp-json\/wp\/v2\/users\/3"}],"replies":[{"embeddable":true,"href":"https:\/\/prodelcobre.cl\/nueva\/wp-json\/wp\/v2\/comments?post=11633"}],"version-history":[{"count":1,"href":"https:\/\/prodelcobre.cl\/nueva\/wp-json\/wp\/v2\/posts\/11633\/revisions"}],"predecessor-version":[{"id":11634,"href":"https:\/\/prodelcobre.cl\/nueva\/wp-json\/wp\/v2\/posts\/11633\/revisions\/11634"}],"wp:featuredmedia":[{"embeddable":true,"href":"https:\/\/prodelcobre.cl\/nueva\/wp-json\/wp\/v2\/media\/5280"}],"wp:attachment":[{"href":"https:\/\/prodelcobre.cl\/nueva\/wp-json\/wp\/v2\/media?parent=11633"}],"wp:term":[{"taxonomy":"category","embeddable":true,"href":"https:\/\/prodelcobre.cl\/nueva\/wp-json\/wp\/v2\/categories?post=11633"},{"taxonomy":"post_tag","embeddable":true,"href":"https:\/\/prodelcobre.cl\/nueva\/wp-json\/wp\/v2\/tags?post=11633"}],"curies":[{"name":"wp","href":"https:\/\/api.w.org\/{rel}","templated":true}]}}