{"id":11635,"date":"2024-04-02T10:35:38","date_gmt":"2024-04-02T13:35:38","guid":{"rendered":"https:\/\/prodelcobre.cl\/nueva\/?p=11635"},"modified":"2024-04-02T10:35:39","modified_gmt":"2024-04-02T13:35:39","slug":"ministro-grau-respecto-a-la-crisis-de-huachipato-las-mineras-no-deberian-ser-indiferentes","status":"publish","type":"post","link":"https:\/\/prodelcobre.cl\/nueva\/ministro-grau-respecto-a-la-crisis-de-huachipato-las-mineras-no-deberian-ser-indiferentes\/","title":{"rendered":"Ministro Grau respecto a la crisis de Huachipato: \u201cLas mineras no deber\u00edan ser indiferentes&#8221;"},"content":{"rendered":"\n<h2 class=\"wp-block-heading\">El ministro mostr\u00f3 su descontento respecto al papel de las compa\u00f1\u00edas mineras en la situaci\u00f3n que atraviesa la Sider\u00fargica Huachipato. <\/h2>\n\n\n\n<p class=\"has-medium-font-size\">El ministro de Econom\u00eda, Nicol\u00e1s Grau, en entrevista con El Mercurio, se refiri\u00f3 a la situaci\u00f3n que vive Huachipato ante su anuncio de cierre que afectar\u00e1 a una gran cantidad de trabajadores y comunidades que dependen de sus operaciones. Grau reiter\u00f3 que ha sostenido importantes encuentros en la regi\u00f3n del Biob\u00edo en los que se ha avanzado en la soluci\u00f3n al problema.<\/p>\n\n\n\n<p class=\"has-medium-font-size\">Durante la entrevista indic\u00f3 que el Gobierno ve como una mala noticia para las mineras el cierre de Huachipato y expres\u00f3 su preocupaci\u00f3n por el papel que toman en torno a la crisis: &#8220;<strong>Las mineras no deber\u00edan ser indiferentes; deber\u00edan ser parte de la soluci\u00f3n\u201d<\/strong>.<\/p>\n","protected":false},"excerpt":{"rendered":"<p>El ministro mostr\u00f3 su descontento respecto al papel de las compa\u00f1\u00edas mineras en la situaci\u00f3n que atraviesa la<\/p>\n","protected":false},"author":3,"featured_media":4574,"comment_status":"closed","ping_status":"closed","sticky":false,"template":"","format":"standard","meta":{"footnotes":""},"categories":[51,52],"tags":[652],"class_list":["post-11635","post","type-post","status-publish","format-standard","has-post-thumbnail","hentry","category-chile","category-noticias","tag-huachipato"],"rttpg_featured_image_url":{"full":["https:\/\/prodelcobre.cl\/nueva\/wp-content\/uploads\/2022\/01\/Siderurgica-Huachipato-Frontis-1.jpg",1000,665,false],"landscape":["https:\/\/prodelcobre.cl\/nueva\/wp-content\/uploads\/2022\/01\/Siderurgica-Huachipato-Frontis-1.jpg",1000,665,false],"portraits":["https:\/\/prodelcobre.cl\/nueva\/wp-content\/uploads\/2022\/01\/Siderurgica-Huachipato-Frontis-1.jpg",1000,665,false],"thumbnail":["https:\/\/prodelcobre.cl\/nueva\/wp-content\/uploads\/2022\/01\/Siderurgica-Huachipato-Frontis-1-150x150.jpg",150,150,true],"medium":["https:\/\/prodelcobre.cl\/nueva\/wp-content\/uploads\/2022\/01\/Siderurgica-Huachipato-Frontis-1.jpg",1000,665,false],"large":["https:\/\/prodelcobre.cl\/nueva\/wp-content\/uploads\/2022\/01\/Siderurgica-Huachipato-Frontis-1.jpg",1000,665,false],"1536x1536":["https:\/\/prodelcobre.cl\/nueva\/wp-content\/uploads\/2022\/01\/Siderurgica-Huachipato-Frontis-1.jpg",1000,665,false],"2048x2048":["https:\/\/prodelcobre.cl\/nueva\/wp-content\/uploads\/2022\/01\/Siderurgica-Huachipato-Frontis-1.jpg",1000,665,false],"morenews-featured":["https:\/\/prodelcobre.cl\/nueva\/wp-content\/uploads\/2022\/01\/Siderurgica-Huachipato-Frontis-1.jpg",1000,665,false],"morenews-large":["https:\/\/prodelcobre.cl\/nueva\/wp-content\/uploads\/2022\/01\/Siderurgica-Huachipato-Frontis-1.jpg",825,549,false],"morenews-medium":["https:\/\/prodelcobre.cl\/nueva\/wp-content\/uploads\/2022\/01\/Siderurgica-Huachipato-Frontis-1.jpg",590,392,false],"psacp-medium":["https:\/\/prodelcobre.cl\/nueva\/wp-content\/uploads\/2022\/01\/Siderurgica-Huachipato-Frontis-1.jpg",500,333,false]},"rttpg_author":{"display_name":"Francisco P\u00e9rez Alvi\u00e1rez","author_link":"https:\/\/prodelcobre.cl\/nueva\/author\/fperez\/"},"rttpg_comment":0,"rttpg_category":"<a href=\"https:\/\/prodelcobre.cl\/nueva\/category\/chile\/\" rel=\"category tag\">Chile<\/a> <a href=\"https:\/\/prodelcobre.cl\/nueva\/category\/noticias\/\" rel=\"category tag\">Noticias<\/a>","rttpg_excerpt":"El ministro mostr\u00f3 su descontento respecto al papel de las compa\u00f1\u00edas mineras en la situaci\u00f3n que atraviesa la","_links":{"self":[{"href":"https:\/\/prodelcobre.cl\/nueva\/wp-json\/wp\/v2\/posts\/11635","targetHints":{"allow":["GET"]}}],"collection":[{"href":"https:\/\/prodelcobre.cl\/nueva\/wp-json\/wp\/v2\/posts"}],"about":[{"href":"https:\/\/prodelcobre.cl\/nueva\/wp-json\/wp\/v2\/types\/post"}],"author":[{"embeddable":true,"href":"https:\/\/prodelcobre.cl\/nueva\/wp-json\/wp\/v2\/users\/3"}],"replies":[{"embeddable":true,"href":"https:\/\/prodelcobre.cl\/nueva\/wp-json\/wp\/v2\/comments?post=11635"}],"version-history":[{"count":1,"href":"https:\/\/prodelcobre.cl\/nueva\/wp-json\/wp\/v2\/posts\/11635\/revisions"}],"predecessor-version":[{"id":11636,"href":"https:\/\/prodelcobre.cl\/nueva\/wp-json\/wp\/v2\/posts\/11635\/revisions\/11636"}],"wp:featuredmedia":[{"embeddable":true,"href":"https:\/\/prodelcobre.cl\/nueva\/wp-json\/wp\/v2\/media\/4574"}],"wp:attachment":[{"href":"https:\/\/prodelcobre.cl\/nueva\/wp-json\/wp\/v2\/media?parent=11635"}],"wp:term":[{"taxonomy":"category","embeddable":true,"href":"https:\/\/prodelcobre.cl\/nueva\/wp-json\/wp\/v2\/categories?post=11635"},{"taxonomy":"post_tag","embeddable":true,"href":"https:\/\/prodelcobre.cl\/nueva\/wp-json\/wp\/v2\/tags?post=11635"}],"curies":[{"name":"wp","href":"https:\/\/api.w.org\/{rel}","templated":true}]}}