{"id":13350,"date":"2024-10-11T15:03:05","date_gmt":"2024-10-11T18:03:05","guid":{"rendered":"https:\/\/prodelcobre.cl\/nueva\/?p=13350"},"modified":"2024-10-11T15:03:06","modified_gmt":"2024-10-11T18:03:06","slug":"xcmg-exhibe-su-ultima-innovacion-cargador-frontal-100-electrico-en-forede-2024","status":"publish","type":"post","link":"https:\/\/prodelcobre.cl\/nueva\/xcmg-exhibe-su-ultima-innovacion-cargador-frontal-100-electrico-en-forede-2024\/","title":{"rendered":"XCMG exhibe su \u00faltima innovaci\u00f3n: Cargador Frontal 100% el\u00e9ctrico en FOREDE 2024"},"content":{"rendered":"\n<p class=\"has-medium-font-size\"><strong>La compa\u00f1\u00eda considera que la III Regi\u00f3n de Atacama, categorizada como una zona de trabajo minero, genera un impacto tan positivo para la industria, que decidi\u00f3 llevar sus innovaciones al evento que impulsa el crecimiento sostenido del sector.<\/strong><\/p>\n\n\n\n<p class=\"has-medium-font-size\">Entre el 15 y 17 de octubre, XCMG Chile exhibir\u00e1, en el marco de <strong>FOREDE 2024<\/strong>, su \u00faltima innovaci\u00f3n en lo que <strong>electromovilidad <\/strong>se refiere: el nuevo <strong>Cargador Frontal 100% el\u00e9ctrico<\/strong>, modelo XC988EV, junto con su respectiva estaci\u00f3n de carga, para que todos los visitantes de Copiap\u00f3 y sus alrededores, por primera vez en un evento masivo, conozcan las caracter\u00edsticas de un equipo como \u00e9ste.<\/p>\n\n\n\n<p class=\"has-medium-font-size\">Esta nueva maquinaria, que tendr\u00e1 su presentaci\u00f3n en sociedad en el mercado nacional durante la feria, sin duda ser\u00e1 una muestra m\u00e1s de la inversi\u00f3n que <strong>XCMG realiza en Investigaci\u00f3n y Desarrollo <\/strong>(I+D) para ofrecer maquinarias que no s\u00f3lo sean productivas con la operaci\u00f3n, sino tambi\u00e9n amigables con el medio ambiente.<\/p>\n\n\n\n<p class=\"has-medium-font-size\"><strong>Especificaciones T\u00e9cnicas<\/strong><\/p>\n\n\n\n<p class=\"has-medium-font-size\">El Cargador Frontal XC988EV tiene una capacidad de balde de 4,5m3, una carga nominal de 8.500 kg y una fuerza m\u00e1xima de tracci\u00f3n de 225 kN, entre sus principales par\u00e1metros. Incorpora la innovadora soluci\u00f3n t\u00e9cnica <strong>&#8220;Tri-Motor&#8221;<\/strong>, es decir, la m\u00e1quina est\u00e1 dise\u00f1ada sin transmisi\u00f3n. Y no s\u00f3lo adopta la mencionada tecnolog\u00eda, sino tambi\u00e9n un <strong>control inteligente integrado <\/strong>a la potencia del motor, velocidad, torque y otros par\u00e1metros. Adem\u00e1s, est\u00e1 dise\u00f1ado con un <strong>sistema de gesti\u00f3n t\u00e9rmica<\/strong>, recuperaci\u00f3n de energ\u00eda y protecci\u00f3n de errores de 3 niveles para garantizar una operaci\u00f3n eficiente y segura. Adecuada para operar a una temperatura ambiente de -40\/-50\u00b0C, puede usarse ampliamente en miner\u00eda, acer\u00edas, plantas de energ\u00eda y coquizaci\u00f3n, instalaciones qu\u00edmicas y patios de carb\u00f3n, canteras de arena y grava, t\u00faneles y otros campos.<\/p>\n\n\n\n<p class=\"has-medium-font-size\"><strong>Energ\u00eda 100% Limpia y Eficiente<\/strong><\/p>\n\n\n\n<p class=\"has-medium-font-size\">La tecnolog\u00eda de propulsi\u00f3n el\u00e9ctrica ofrece una soluci\u00f3n sostenible y econ\u00f3mica. Al reemplazar los combustibles f\u00f3siles por electricidad, se eliminan por completo las emisiones contaminantes, reduciendo el impacto en el medio ambiente, contribuyendo a un aire m\u00e1s limpio y a un planeta m\u00e1s saludable.<\/p>\n\n\n\n<p class=\"has-medium-font-size\">De acuerdo con Julio Pi\u00f1a Alegr\u00eda, director Comercial de XCMG, respecto de la introducci\u00f3n de la electromovilidad en la miner\u00eda chilena, \u201ces fundamental abordar las limitaciones de la <strong>infraestructura<\/strong>, para luego y m\u00e1s importante a\u00fan, ayudar en la modificaci\u00f3n y fomentar la convicci\u00f3n. Necesitamos gestionar el cambio de forma proactiva para <strong>facilitar la transici\u00f3n a los equipos el\u00e9ctricos e integrar la innovaci\u00f3n<\/strong>. Esto incluye brindar oportunidades a nuevas generaciones en miner\u00eda, ya que tienen una base s\u00f3lida en la tecnolog\u00eda. Por lo tanto, nuestras prioridades son fortalecer la infraestructura y empoderar a los j\u00f3venes para que lideren esta transformaci\u00f3n hacia los equipos el\u00e9ctricos\u201d.<\/p>\n","protected":false},"excerpt":{"rendered":"<p>La compa\u00f1\u00eda considera que la III Regi\u00f3n de Atacama, categorizada como una zona de trabajo minero, genera un<\/p>\n","protected":false},"author":2,"featured_media":13351,"comment_status":"closed","ping_status":"closed","sticky":false,"template":"","format":"standard","meta":{"footnotes":""},"categories":[257],"tags":[624],"class_list":["post-13350","post","type-post","status-publish","format-standard","has-post-thumbnail","hentry","category-proveedores-mineros","tag-xcmg"],"rttpg_featured_image_url":{"full":["https:\/\/prodelcobre.cl\/nueva\/wp-content\/uploads\/2024\/10\/CCC-FOREDE_Pos-WEBt.jpg",800,689,false],"landscape":["https:\/\/prodelcobre.cl\/nueva\/wp-content\/uploads\/2024\/10\/CCC-FOREDE_Pos-WEBt.jpg",800,689,false],"portraits":["https:\/\/prodelcobre.cl\/nueva\/wp-content\/uploads\/2024\/10\/CCC-FOREDE_Pos-WEBt.jpg",800,689,false],"thumbnail":["https:\/\/prodelcobre.cl\/nueva\/wp-content\/uploads\/2024\/10\/CCC-FOREDE_Pos-WEBt-150x150.jpg",150,150,true],"medium":["https:\/\/prodelcobre.cl\/nueva\/wp-content\/uploads\/2024\/10\/CCC-FOREDE_Pos-WEBt.jpg",800,689,false],"large":["https:\/\/prodelcobre.cl\/nueva\/wp-content\/uploads\/2024\/10\/CCC-FOREDE_Pos-WEBt.jpg",800,689,false],"1536x1536":["https:\/\/prodelcobre.cl\/nueva\/wp-content\/uploads\/2024\/10\/CCC-FOREDE_Pos-WEBt.jpg",800,689,false],"2048x2048":["https:\/\/prodelcobre.cl\/nueva\/wp-content\/uploads\/2024\/10\/CCC-FOREDE_Pos-WEBt.jpg",800,689,false],"morenews-featured":["https:\/\/prodelcobre.cl\/nueva\/wp-content\/uploads\/2024\/10\/CCC-FOREDE_Pos-WEBt.jpg",800,689,false],"morenews-large":["https:\/\/prodelcobre.cl\/nueva\/wp-content\/uploads\/2024\/10\/CCC-FOREDE_Pos-WEBt-800x575.jpg",800,575,true],"morenews-medium":["https:\/\/prodelcobre.cl\/nueva\/wp-content\/uploads\/2024\/10\/CCC-FOREDE_Pos-WEBt-590x410.jpg",590,410,true],"psacp-medium":["https:\/\/prodelcobre.cl\/nueva\/wp-content\/uploads\/2024\/10\/CCC-FOREDE_Pos-WEBt.jpg",500,431,false]},"rttpg_author":{"display_name":"Jorge Pardo","author_link":"https:\/\/prodelcobre.cl\/nueva\/author\/prensa\/"},"rttpg_comment":0,"rttpg_category":"<a href=\"https:\/\/prodelcobre.cl\/nueva\/category\/proveedores-mineros\/\" rel=\"category tag\">Proveedores Mineros<\/a>","rttpg_excerpt":"La compa\u00f1\u00eda considera que la III Regi\u00f3n de Atacama, categorizada como una zona de trabajo minero, genera un","_links":{"self":[{"href":"https:\/\/prodelcobre.cl\/nueva\/wp-json\/wp\/v2\/posts\/13350","targetHints":{"allow":["GET"]}}],"collection":[{"href":"https:\/\/prodelcobre.cl\/nueva\/wp-json\/wp\/v2\/posts"}],"about":[{"href":"https:\/\/prodelcobre.cl\/nueva\/wp-json\/wp\/v2\/types\/post"}],"author":[{"embeddable":true,"href":"https:\/\/prodelcobre.cl\/nueva\/wp-json\/wp\/v2\/users\/2"}],"replies":[{"embeddable":true,"href":"https:\/\/prodelcobre.cl\/nueva\/wp-json\/wp\/v2\/comments?post=13350"}],"version-history":[{"count":1,"href":"https:\/\/prodelcobre.cl\/nueva\/wp-json\/wp\/v2\/posts\/13350\/revisions"}],"predecessor-version":[{"id":13352,"href":"https:\/\/prodelcobre.cl\/nueva\/wp-json\/wp\/v2\/posts\/13350\/revisions\/13352"}],"wp:featuredmedia":[{"embeddable":true,"href":"https:\/\/prodelcobre.cl\/nueva\/wp-json\/wp\/v2\/media\/13351"}],"wp:attachment":[{"href":"https:\/\/prodelcobre.cl\/nueva\/wp-json\/wp\/v2\/media?parent=13350"}],"wp:term":[{"taxonomy":"category","embeddable":true,"href":"https:\/\/prodelcobre.cl\/nueva\/wp-json\/wp\/v2\/categories?post=13350"},{"taxonomy":"post_tag","embeddable":true,"href":"https:\/\/prodelcobre.cl\/nueva\/wp-json\/wp\/v2\/tags?post=13350"}],"curies":[{"name":"wp","href":"https:\/\/api.w.org\/{rel}","templated":true}]}}