{"id":13449,"date":"2024-10-22T09:38:42","date_gmt":"2024-10-22T12:38:42","guid":{"rendered":"https:\/\/prodelcobre.cl\/nueva\/?p=13449"},"modified":"2024-10-22T09:38:43","modified_gmt":"2024-10-22T12:38:43","slug":"sernageomin-y-aprimin-firman-convenio-para-mejorar-la-capacitacion-en-seguridad-minera","status":"publish","type":"post","link":"https:\/\/prodelcobre.cl\/nueva\/sernageomin-y-aprimin-firman-convenio-para-mejorar-la-capacitacion-en-seguridad-minera\/","title":{"rendered":"Sernageomin y APRIMIN firman convenio para mejorar la capacitaci\u00f3n en seguridad minera"},"content":{"rendered":"\n<h2 class=\"wp-block-heading has-medium-font-size\">El acuerdo busca fortalecer la formaci\u00f3n de trabajadores y trabajadoras en salud y seguridad, con \u00e9nfasis en los contratistas de la industria.<\/h2>\n\n\n\n<p class=\"has-medium-font-size\">Este lunes, Sernageomin y la Asociaci\u00f3n de Proveedores de la Industria Minera (APRIMIN) firmaron un convenio de colaboraci\u00f3n que tiene como objetivo potenciar la capacitaci\u00f3n en seguridad en el sector minero. La ministra de Miner\u00eda, Aurora Williams, destac\u00f3 que \u201ceste es un gran acuerdo que permitir\u00e1 mejorar la productividad y la homologaci\u00f3n, contribuyendo a una industria m\u00e1s segura y eficiente\u201d. El convenio permitir\u00e1 llevar los cursos de Sernageomin a un mayor n\u00famero de trabajadores y facilitar\u00e1 la creaci\u00f3n de un curso homologado de inducci\u00f3n b\u00e1sica para nuevos ingresos en faenas mineras.<\/p>\n\n\n\n<p class=\"has-medium-font-size\">Patricio Aguilera, director nacional de Sernageomin, enfatiz\u00f3 la importancia del acuerdo, se\u00f1alando que &#8220;es fundamental para la seguridad de los trabajadores, especialmente aquellos con menos experiencia&#8221;. Dominique Viera, presidenta de APRIMIN, a\u00f1adi\u00f3 que este convenio representa un avance significativo en la estandarizaci\u00f3n de procesos de capacitaci\u00f3n, con un enfoque en la seguridad y salud, lo que sin duda beneficiar\u00e1 a toda la industria minera. La primera actividad conjunta se llevar\u00e1 a cabo este martes en la Divisi\u00f3n El Teniente de Codelco, con el curso Aptitud Minera.<\/p>\n","protected":false},"excerpt":{"rendered":"<p>El acuerdo busca fortalecer la formaci\u00f3n de trabajadores y trabajadoras en salud y seguridad, con \u00e9nfasis en los<\/p>\n","protected":false},"author":6,"featured_media":13451,"comment_status":"closed","ping_status":"closed","sticky":false,"template":"","format":"standard","meta":{"footnotes":""},"categories":[51,52],"tags":[149,89,171],"class_list":["post-13449","post","type-post","status-publish","format-standard","has-post-thumbnail","hentry","category-chile","category-noticias","tag-aprimin","tag-mineria-4","tag-sernageomin"],"rttpg_featured_image_url":{"full":["https:\/\/prodelcobre.cl\/nueva\/wp-content\/uploads\/2024\/10\/Cortesia-Sernageomin-1.png",1217,882,false],"landscape":["https:\/\/prodelcobre.cl\/nueva\/wp-content\/uploads\/2024\/10\/Cortesia-Sernageomin-1.png",1217,882,false],"portraits":["https:\/\/prodelcobre.cl\/nueva\/wp-content\/uploads\/2024\/10\/Cortesia-Sernageomin-1.png",1217,882,false],"thumbnail":["https:\/\/prodelcobre.cl\/nueva\/wp-content\/uploads\/2024\/10\/Cortesia-Sernageomin-1-150x150.png",150,150,true],"medium":["https:\/\/prodelcobre.cl\/nueva\/wp-content\/uploads\/2024\/10\/Cortesia-Sernageomin-1.png",1217,882,false],"large":["https:\/\/prodelcobre.cl\/nueva\/wp-content\/uploads\/2024\/10\/Cortesia-Sernageomin-1.png",1217,882,false],"1536x1536":["https:\/\/prodelcobre.cl\/nueva\/wp-content\/uploads\/2024\/10\/Cortesia-Sernageomin-1.png",1217,882,false],"2048x2048":["https:\/\/prodelcobre.cl\/nueva\/wp-content\/uploads\/2024\/10\/Cortesia-Sernageomin-1.png",1217,882,false],"morenews-featured":["https:\/\/prodelcobre.cl\/nueva\/wp-content\/uploads\/2024\/10\/Cortesia-Sernageomin-1-1024x742.png",1024,742,true],"morenews-large":["https:\/\/prodelcobre.cl\/nueva\/wp-content\/uploads\/2024\/10\/Cortesia-Sernageomin-1-825x575.png",825,575,true],"morenews-medium":["https:\/\/prodelcobre.cl\/nueva\/wp-content\/uploads\/2024\/10\/Cortesia-Sernageomin-1-590x410.png",590,410,true],"psacp-medium":["https:\/\/prodelcobre.cl\/nueva\/wp-content\/uploads\/2024\/10\/Cortesia-Sernageomin-1.png",500,362,false]},"rttpg_author":{"display_name":"Benjam\u00edn Morales","author_link":"https:\/\/prodelcobre.cl\/nueva\/author\/prensa2\/"},"rttpg_comment":0,"rttpg_category":"<a href=\"https:\/\/prodelcobre.cl\/nueva\/category\/chile\/\" rel=\"category tag\">Chile<\/a> <a href=\"https:\/\/prodelcobre.cl\/nueva\/category\/noticias\/\" rel=\"category tag\">Noticias<\/a>","rttpg_excerpt":"El acuerdo busca fortalecer la formaci\u00f3n de trabajadores y trabajadoras en salud y seguridad, con \u00e9nfasis en los","_links":{"self":[{"href":"https:\/\/prodelcobre.cl\/nueva\/wp-json\/wp\/v2\/posts\/13449","targetHints":{"allow":["GET"]}}],"collection":[{"href":"https:\/\/prodelcobre.cl\/nueva\/wp-json\/wp\/v2\/posts"}],"about":[{"href":"https:\/\/prodelcobre.cl\/nueva\/wp-json\/wp\/v2\/types\/post"}],"author":[{"embeddable":true,"href":"https:\/\/prodelcobre.cl\/nueva\/wp-json\/wp\/v2\/users\/6"}],"replies":[{"embeddable":true,"href":"https:\/\/prodelcobre.cl\/nueva\/wp-json\/wp\/v2\/comments?post=13449"}],"version-history":[{"count":1,"href":"https:\/\/prodelcobre.cl\/nueva\/wp-json\/wp\/v2\/posts\/13449\/revisions"}],"predecessor-version":[{"id":13452,"href":"https:\/\/prodelcobre.cl\/nueva\/wp-json\/wp\/v2\/posts\/13449\/revisions\/13452"}],"wp:featuredmedia":[{"embeddable":true,"href":"https:\/\/prodelcobre.cl\/nueva\/wp-json\/wp\/v2\/media\/13451"}],"wp:attachment":[{"href":"https:\/\/prodelcobre.cl\/nueva\/wp-json\/wp\/v2\/media?parent=13449"}],"wp:term":[{"taxonomy":"category","embeddable":true,"href":"https:\/\/prodelcobre.cl\/nueva\/wp-json\/wp\/v2\/categories?post=13449"},{"taxonomy":"post_tag","embeddable":true,"href":"https:\/\/prodelcobre.cl\/nueva\/wp-json\/wp\/v2\/tags?post=13449"}],"curies":[{"name":"wp","href":"https:\/\/api.w.org\/{rel}","templated":true}]}}