{"id":14076,"date":"2025-01-07T10:03:42","date_gmt":"2025-01-07T13:03:42","guid":{"rendered":"https:\/\/prodelcobre.cl\/nueva\/?p=14076"},"modified":"2025-01-07T10:03:43","modified_gmt":"2025-01-07T13:03:43","slug":"enami-aumenta-anticipos-a-pequenos-mineros-hasta-un-30-en-el-programa-de-reconocimiento-de-recursos-y-o-reservas","status":"publish","type":"post","link":"https:\/\/prodelcobre.cl\/nueva\/enami-aumenta-anticipos-a-pequenos-mineros-hasta-un-30-en-el-programa-de-reconocimiento-de-recursos-y-o-reservas\/","title":{"rendered":"ENAMI aumenta anticipos a peque\u00f1os mineros hasta un 30% en el Programa de Reconocimiento de Recursos y\/o Reservas"},"content":{"rendered":"\n<h2 class=\"wp-block-heading has-medium-font-size\">La Empresa Nacional de Miner\u00eda adelanta la apertura de su programa 2025, con un incremento significativo en los pagos anticipados para proyectos de peque\u00f1a miner\u00eda, que podr\u00e1n alcanzar hasta US$250.000 por iniciativa.<\/h2>\n\n\n\n<p class=\"has-medium-font-size\">La Empresa Nacional de Miner\u00eda (ENAMI) anunci\u00f3 un aumento del 30% en los pagos anticipados del Programa de Reconocimiento de Recursos y\/o Reservas, que permitir\u00e1 a los peque\u00f1os productores mineros acceder a hasta US$250.000 por proyecto. Este cambio responde a las solicitudes del sector y tiene como objetivo dinamizar la peque\u00f1a miner\u00eda en las localidades donde opera. Viviana Ireland, Gerenta de Fomento y Miner\u00eda de ENAMI, se\u00f1al\u00f3: \u201cNuestro objetivo es generar una cartera de proyectos de calidad y facilitar la gesti\u00f3n de los mismos\u201d.<\/p>\n\n\n\n<p class=\"has-medium-font-size\">El programa, que cuenta con un presupuesto total de US$3 millones, est\u00e1 dirigido a productores que procesen hasta 2.000 toneladas mensuales de minerales y estar\u00e1 abierto hasta agotar los fondos disponibles. Las postulaciones ya se encuentran abiertas desde el 6 de enero a trav\u00e9s de la plataforma <a href=\"https:\/\/www.fondos.gob.cl\/\">https:\/\/www.fondos.gob.cl\/<\/a>. ENAMI tambi\u00e9n ofrece apoyo a los postulantes a trav\u00e9s de sus oficinas en todo el pa\u00eds.<\/p>\n","protected":false},"excerpt":{"rendered":"<p>La Empresa Nacional de Miner\u00eda adelanta la apertura de su programa 2025, con un incremento significativo en los<\/p>\n","protected":false},"author":6,"featured_media":14077,"comment_status":"closed","ping_status":"closed","sticky":false,"template":"","format":"standard","meta":{"footnotes":""},"categories":[51,52],"tags":[187,89,862,861],"class_list":["post-14076","post","type-post","status-publish","format-standard","has-post-thumbnail","hentry","category-chile","category-noticias","tag-enami","tag-mineria-4","tag-postulaciones","tag-productores"],"rttpg_featured_image_url":{"full":["https:\/\/prodelcobre.cl\/nueva\/wp-content\/uploads\/2025\/01\/Cortesia-Enami.png",1056,431,false],"landscape":["https:\/\/prodelcobre.cl\/nueva\/wp-content\/uploads\/2025\/01\/Cortesia-Enami.png",1056,431,false],"portraits":["https:\/\/prodelcobre.cl\/nueva\/wp-content\/uploads\/2025\/01\/Cortesia-Enami.png",1056,431,false],"thumbnail":["https:\/\/prodelcobre.cl\/nueva\/wp-content\/uploads\/2025\/01\/Cortesia-Enami-150x150.png",150,150,true],"medium":["https:\/\/prodelcobre.cl\/nueva\/wp-content\/uploads\/2025\/01\/Cortesia-Enami.png",1056,431,false],"large":["https:\/\/prodelcobre.cl\/nueva\/wp-content\/uploads\/2025\/01\/Cortesia-Enami.png",1056,431,false],"1536x1536":["https:\/\/prodelcobre.cl\/nueva\/wp-content\/uploads\/2025\/01\/Cortesia-Enami.png",1056,431,false],"2048x2048":["https:\/\/prodelcobre.cl\/nueva\/wp-content\/uploads\/2025\/01\/Cortesia-Enami.png",1056,431,false],"morenews-featured":["https:\/\/prodelcobre.cl\/nueva\/wp-content\/uploads\/2025\/01\/Cortesia-Enami-1024x418.png",1024,418,true],"morenews-large":["https:\/\/prodelcobre.cl\/nueva\/wp-content\/uploads\/2025\/01\/Cortesia-Enami-825x431.png",825,431,true],"morenews-medium":["https:\/\/prodelcobre.cl\/nueva\/wp-content\/uploads\/2025\/01\/Cortesia-Enami-590x410.png",590,410,true],"psacp-medium":["https:\/\/prodelcobre.cl\/nueva\/wp-content\/uploads\/2025\/01\/Cortesia-Enami.png",500,204,false]},"rttpg_author":{"display_name":"Benjam\u00edn Morales","author_link":"https:\/\/prodelcobre.cl\/nueva\/author\/prensa2\/"},"rttpg_comment":0,"rttpg_category":"<a href=\"https:\/\/prodelcobre.cl\/nueva\/category\/chile\/\" rel=\"category tag\">Chile<\/a> <a href=\"https:\/\/prodelcobre.cl\/nueva\/category\/noticias\/\" rel=\"category tag\">Noticias<\/a>","rttpg_excerpt":"La Empresa Nacional de Miner\u00eda adelanta la apertura de su programa 2025, con un incremento significativo en los","_links":{"self":[{"href":"https:\/\/prodelcobre.cl\/nueva\/wp-json\/wp\/v2\/posts\/14076","targetHints":{"allow":["GET"]}}],"collection":[{"href":"https:\/\/prodelcobre.cl\/nueva\/wp-json\/wp\/v2\/posts"}],"about":[{"href":"https:\/\/prodelcobre.cl\/nueva\/wp-json\/wp\/v2\/types\/post"}],"author":[{"embeddable":true,"href":"https:\/\/prodelcobre.cl\/nueva\/wp-json\/wp\/v2\/users\/6"}],"replies":[{"embeddable":true,"href":"https:\/\/prodelcobre.cl\/nueva\/wp-json\/wp\/v2\/comments?post=14076"}],"version-history":[{"count":1,"href":"https:\/\/prodelcobre.cl\/nueva\/wp-json\/wp\/v2\/posts\/14076\/revisions"}],"predecessor-version":[{"id":14078,"href":"https:\/\/prodelcobre.cl\/nueva\/wp-json\/wp\/v2\/posts\/14076\/revisions\/14078"}],"wp:featuredmedia":[{"embeddable":true,"href":"https:\/\/prodelcobre.cl\/nueva\/wp-json\/wp\/v2\/media\/14077"}],"wp:attachment":[{"href":"https:\/\/prodelcobre.cl\/nueva\/wp-json\/wp\/v2\/media?parent=14076"}],"wp:term":[{"taxonomy":"category","embeddable":true,"href":"https:\/\/prodelcobre.cl\/nueva\/wp-json\/wp\/v2\/categories?post=14076"},{"taxonomy":"post_tag","embeddable":true,"href":"https:\/\/prodelcobre.cl\/nueva\/wp-json\/wp\/v2\/tags?post=14076"}],"curies":[{"name":"wp","href":"https:\/\/api.w.org\/{rel}","templated":true}]}}