{"id":14514,"date":"2025-02-27T11:58:26","date_gmt":"2025-02-27T14:58:26","guid":{"rendered":"https:\/\/prodelcobre.cl\/nueva\/?p=14514"},"modified":"2025-02-27T11:58:27","modified_gmt":"2025-02-27T14:58:27","slug":"rio-tinto-invertira-usd-2-700-millones-en-proyecto-de-litio-en-salta","status":"publish","type":"post","link":"https:\/\/prodelcobre.cl\/nueva\/rio-tinto-invertira-usd-2-700-millones-en-proyecto-de-litio-en-salta\/","title":{"rendered":"R\u00edo Tinto invertir\u00e1 USD 2.700 millones en proyecto de litio en Salta"},"content":{"rendered":"\n<h2 class=\"wp-block-heading has-medium-font-size\">La minera global R\u00edo Tinto se adhiere al r\u00e9gimen de beneficios impositivos con una millonaria inversi\u00f3n en el desarrollo de litio en Argentina.<\/h2>\n\n\n\n<p class=\"has-medium-font-size\">R\u00edo Tinto, una de las mayores compa\u00f1\u00edas mineras del mundo, ha oficializado su adhesi\u00f3n al r\u00e9gimen de beneficios impositivos y cambiarios en Argentina, con una inversi\u00f3n de USD 2.700 millones para el desarrollo del proyecto de litio en el salar de Rinc\u00f3n, en Salta. Seg\u00fan inform\u00f3 el Ministerio de Econom\u00eda de Argentina, este proyecto busca aumentar la capacidad de producci\u00f3n a 60.000 toneladas anuales de litio de grado bater\u00eda, con el inicio de las obras programado para 2025. El ministro Luis Caputo destac\u00f3 que la firma de R\u00edo Tinto refleja la confianza de las grandes empresas mineras en el pa\u00eds y su potencial en la producci\u00f3n de minerales estrat\u00e9gicos para la transici\u00f3n energ\u00e9tica global.<\/p>\n\n\n\n<p class=\"has-medium-font-size\">Seg\u00fan inform\u00f3 INFOBAE, este proyecto es parte de una serie de iniciativas mineras que buscan aprovechar el creciente mercado del litio, un mineral clave para la fabricaci\u00f3n de bater\u00edas de veh\u00edculos el\u00e9ctricos. La inversi\u00f3n se enmarca dentro del r\u00e9gimen de grandes proyectos RIGI, que otorga beneficios fiscales para impulsar la competitividad del sector.<\/p>\n","protected":false},"excerpt":{"rendered":"<p>La minera global R\u00edo Tinto se adhiere al r\u00e9gimen de beneficios impositivos con una millonaria inversi\u00f3n en el<\/p>\n","protected":false},"author":6,"featured_media":14515,"comment_status":"closed","ping_status":"closed","sticky":false,"template":"","format":"standard","meta":{"footnotes":""},"categories":[57,52],"tags":[181,100,89,990],"class_list":["post-14514","post","type-post","status-publish","format-standard","has-post-thumbnail","hentry","category-internacional","category-noticias","tag-argentina","tag-litio","tag-mineria-4","tag-salta"],"rttpg_featured_image_url":{"full":["https:\/\/prodelcobre.cl\/nueva\/wp-content\/uploads\/2025\/02\/Cortesia-INFOBAE.png",624,372,false],"landscape":["https:\/\/prodelcobre.cl\/nueva\/wp-content\/uploads\/2025\/02\/Cortesia-INFOBAE.png",624,372,false],"portraits":["https:\/\/prodelcobre.cl\/nueva\/wp-content\/uploads\/2025\/02\/Cortesia-INFOBAE.png",624,372,false],"thumbnail":["https:\/\/prodelcobre.cl\/nueva\/wp-content\/uploads\/2025\/02\/Cortesia-INFOBAE-150x150.png",150,150,true],"medium":["https:\/\/prodelcobre.cl\/nueva\/wp-content\/uploads\/2025\/02\/Cortesia-INFOBAE.png",624,372,false],"large":["https:\/\/prodelcobre.cl\/nueva\/wp-content\/uploads\/2025\/02\/Cortesia-INFOBAE.png",624,372,false],"1536x1536":["https:\/\/prodelcobre.cl\/nueva\/wp-content\/uploads\/2025\/02\/Cortesia-INFOBAE.png",624,372,false],"2048x2048":["https:\/\/prodelcobre.cl\/nueva\/wp-content\/uploads\/2025\/02\/Cortesia-INFOBAE.png",624,372,false],"morenews-featured":["https:\/\/prodelcobre.cl\/nueva\/wp-content\/uploads\/2025\/02\/Cortesia-INFOBAE.png",624,372,false],"morenews-large":["https:\/\/prodelcobre.cl\/nueva\/wp-content\/uploads\/2025\/02\/Cortesia-INFOBAE.png",624,372,false],"morenews-medium":["https:\/\/prodelcobre.cl\/nueva\/wp-content\/uploads\/2025\/02\/Cortesia-INFOBAE-590x372.png",590,372,true],"psacp-medium":["https:\/\/prodelcobre.cl\/nueva\/wp-content\/uploads\/2025\/02\/Cortesia-INFOBAE.png",500,298,false]},"rttpg_author":{"display_name":"Benjam\u00edn Morales","author_link":"https:\/\/prodelcobre.cl\/nueva\/author\/prensa2\/"},"rttpg_comment":0,"rttpg_category":"<a href=\"https:\/\/prodelcobre.cl\/nueva\/category\/internacional\/\" rel=\"category tag\">Internacional<\/a> <a href=\"https:\/\/prodelcobre.cl\/nueva\/category\/noticias\/\" rel=\"category tag\">Noticias<\/a>","rttpg_excerpt":"La minera global R\u00edo Tinto se adhiere al r\u00e9gimen de beneficios impositivos con una millonaria inversi\u00f3n en el","_links":{"self":[{"href":"https:\/\/prodelcobre.cl\/nueva\/wp-json\/wp\/v2\/posts\/14514","targetHints":{"allow":["GET"]}}],"collection":[{"href":"https:\/\/prodelcobre.cl\/nueva\/wp-json\/wp\/v2\/posts"}],"about":[{"href":"https:\/\/prodelcobre.cl\/nueva\/wp-json\/wp\/v2\/types\/post"}],"author":[{"embeddable":true,"href":"https:\/\/prodelcobre.cl\/nueva\/wp-json\/wp\/v2\/users\/6"}],"replies":[{"embeddable":true,"href":"https:\/\/prodelcobre.cl\/nueva\/wp-json\/wp\/v2\/comments?post=14514"}],"version-history":[{"count":1,"href":"https:\/\/prodelcobre.cl\/nueva\/wp-json\/wp\/v2\/posts\/14514\/revisions"}],"predecessor-version":[{"id":14520,"href":"https:\/\/prodelcobre.cl\/nueva\/wp-json\/wp\/v2\/posts\/14514\/revisions\/14520"}],"wp:featuredmedia":[{"embeddable":true,"href":"https:\/\/prodelcobre.cl\/nueva\/wp-json\/wp\/v2\/media\/14515"}],"wp:attachment":[{"href":"https:\/\/prodelcobre.cl\/nueva\/wp-json\/wp\/v2\/media?parent=14514"}],"wp:term":[{"taxonomy":"category","embeddable":true,"href":"https:\/\/prodelcobre.cl\/nueva\/wp-json\/wp\/v2\/categories?post=14514"},{"taxonomy":"post_tag","embeddable":true,"href":"https:\/\/prodelcobre.cl\/nueva\/wp-json\/wp\/v2\/tags?post=14514"}],"curies":[{"name":"wp","href":"https:\/\/api.w.org\/{rel}","templated":true}]}}