{"id":14521,"date":"2025-02-27T15:13:14","date_gmt":"2025-02-27T18:13:14","guid":{"rendered":"https:\/\/prodelcobre.cl\/nueva\/?p=14521"},"modified":"2025-02-27T15:13:15","modified_gmt":"2025-02-27T18:13:15","slug":"ministra-de-mineria-da-el-vamos-a-la-delegacion-chilena-que-participara-en-pdac-2025","status":"publish","type":"post","link":"https:\/\/prodelcobre.cl\/nueva\/ministra-de-mineria-da-el-vamos-a-la-delegacion-chilena-que-participara-en-pdac-2025\/","title":{"rendered":"Ministra de Miner\u00eda da el vamos a la delegaci\u00f3n chilena que participar\u00e1 en PDAC 2025"},"content":{"rendered":"\n<p><strong>Con una comitiva sin precedentes, integrada por cerca de 240 personas y m\u00e1s de 170 entidades del ecosistema minero nacional, Chile se prepara para una nueva versi\u00f3n de PDAC, uno de los encuentros mineros m\u00e1s relevantes a nivel mundial que se realizar\u00e1 entre el 2 y el 5 de marzo en Toronto, Canad\u00e1.<\/strong><\/p>\n\n\n\n<p class=\"has-medium-font-size\">A pocos d\u00edas del inicio de PDAC 2025, en Canad\u00e1, la ministra de Miner\u00eda, Aurora Williams, dio el puntapi\u00e9 inicial a la presencia de Chile en la feria de exploraciones mineras de mayor relevancia internacional. En una ceremonia realizada en el sal\u00f3n Montt-Varas de La Moneda, las autoridades que forman parte de la delegaci\u00f3n chilena, valoraron las fortalezas y el liderazgo global de la industria minera.<\/p>\n\n\n\n<p class=\"has-medium-font-size\">Durante el encuentro, se dio a conocer que Chile tendr\u00e1 una destacada presencia con una delegaci\u00f3n integrada por cerca de 240 personas y m\u00e1s de 170 organismos p\u00fablicos y privados de la miner\u00eda, lo que refleja el creciente inter\u00e9s del sector en profundizar lazos internacionales y explorar nuevas oportunidades de inversi\u00f3n y colaboraci\u00f3n. Un dato relevante es que 39% de los participantes asiste por primera vez a PDAC, demostrando el creciente inter\u00e9s por parte de nuevos actores en este espacio de relevancia mundial.<\/p>\n\n\n\n<p class=\"has-medium-font-size\">De manera in\u00e9dita, este a\u00f1o la participaci\u00f3n chilena en PDAC 2025 ha estado a cargo del Comit\u00e9 de Ferias y Actividades Mineras Internacionales, una nueva iniciativa p\u00fablico-privada destinada a fortalecer la identidad minera del pa\u00eds y asegurar la continuidad de su presencia en foros y encuentros internacionales de la industria. Este organismo, liderado por el Ministerio de Miner\u00eda, est\u00e1<br>formado adem\u00e1s por InvestChile, ProChile, Fundaci\u00f3n Imagen de Chile, Sonami, Consejo Minero, C\u00e1mara Chilena de la Construcci\u00f3n y CESCO.<\/p>\n","protected":false},"excerpt":{"rendered":"<p>Con una comitiva sin precedentes, integrada por cerca de 240 personas y m\u00e1s de 170 entidades del ecosistema<\/p>\n","protected":false},"author":2,"featured_media":14522,"comment_status":"closed","ping_status":"closed","sticky":false,"template":"","format":"standard","meta":{"footnotes":""},"categories":[51,52],"tags":[89],"class_list":["post-14521","post","type-post","status-publish","format-standard","has-post-thumbnail","hentry","category-chile","category-noticias","tag-mineria-4"],"rttpg_featured_image_url":{"full":["https:\/\/prodelcobre.cl\/nueva\/wp-content\/uploads\/2025\/02\/WEB.jpg",800,600,false],"landscape":["https:\/\/prodelcobre.cl\/nueva\/wp-content\/uploads\/2025\/02\/WEB.jpg",800,600,false],"portraits":["https:\/\/prodelcobre.cl\/nueva\/wp-content\/uploads\/2025\/02\/WEB.jpg",800,600,false],"thumbnail":["https:\/\/prodelcobre.cl\/nueva\/wp-content\/uploads\/2025\/02\/WEB-150x150.jpg",150,150,true],"medium":["https:\/\/prodelcobre.cl\/nueva\/wp-content\/uploads\/2025\/02\/WEB.jpg",800,600,false],"large":["https:\/\/prodelcobre.cl\/nueva\/wp-content\/uploads\/2025\/02\/WEB.jpg",800,600,false],"1536x1536":["https:\/\/prodelcobre.cl\/nueva\/wp-content\/uploads\/2025\/02\/WEB.jpg",800,600,false],"2048x2048":["https:\/\/prodelcobre.cl\/nueva\/wp-content\/uploads\/2025\/02\/WEB.jpg",800,600,false],"morenews-featured":["https:\/\/prodelcobre.cl\/nueva\/wp-content\/uploads\/2025\/02\/WEB.jpg",800,600,false],"morenews-large":["https:\/\/prodelcobre.cl\/nueva\/wp-content\/uploads\/2025\/02\/WEB-800x575.jpg",800,575,true],"morenews-medium":["https:\/\/prodelcobre.cl\/nueva\/wp-content\/uploads\/2025\/02\/WEB-590x410.jpg",590,410,true],"psacp-medium":["https:\/\/prodelcobre.cl\/nueva\/wp-content\/uploads\/2025\/02\/WEB.jpg",500,375,false]},"rttpg_author":{"display_name":"Jorge Pardo","author_link":"https:\/\/prodelcobre.cl\/nueva\/author\/prensa\/"},"rttpg_comment":0,"rttpg_category":"<a href=\"https:\/\/prodelcobre.cl\/nueva\/category\/chile\/\" rel=\"category tag\">Chile<\/a> <a href=\"https:\/\/prodelcobre.cl\/nueva\/category\/noticias\/\" rel=\"category tag\">Noticias<\/a>","rttpg_excerpt":"Con una comitiva sin precedentes, integrada por cerca de 240 personas y m\u00e1s de 170 entidades del ecosistema","_links":{"self":[{"href":"https:\/\/prodelcobre.cl\/nueva\/wp-json\/wp\/v2\/posts\/14521","targetHints":{"allow":["GET"]}}],"collection":[{"href":"https:\/\/prodelcobre.cl\/nueva\/wp-json\/wp\/v2\/posts"}],"about":[{"href":"https:\/\/prodelcobre.cl\/nueva\/wp-json\/wp\/v2\/types\/post"}],"author":[{"embeddable":true,"href":"https:\/\/prodelcobre.cl\/nueva\/wp-json\/wp\/v2\/users\/2"}],"replies":[{"embeddable":true,"href":"https:\/\/prodelcobre.cl\/nueva\/wp-json\/wp\/v2\/comments?post=14521"}],"version-history":[{"count":1,"href":"https:\/\/prodelcobre.cl\/nueva\/wp-json\/wp\/v2\/posts\/14521\/revisions"}],"predecessor-version":[{"id":14523,"href":"https:\/\/prodelcobre.cl\/nueva\/wp-json\/wp\/v2\/posts\/14521\/revisions\/14523"}],"wp:featuredmedia":[{"embeddable":true,"href":"https:\/\/prodelcobre.cl\/nueva\/wp-json\/wp\/v2\/media\/14522"}],"wp:attachment":[{"href":"https:\/\/prodelcobre.cl\/nueva\/wp-json\/wp\/v2\/media?parent=14521"}],"wp:term":[{"taxonomy":"category","embeddable":true,"href":"https:\/\/prodelcobre.cl\/nueva\/wp-json\/wp\/v2\/categories?post=14521"},{"taxonomy":"post_tag","embeddable":true,"href":"https:\/\/prodelcobre.cl\/nueva\/wp-json\/wp\/v2\/tags?post=14521"}],"curies":[{"name":"wp","href":"https:\/\/api.w.org\/{rel}","templated":true}]}}