{"id":14524,"date":"2025-02-28T09:54:16","date_gmt":"2025-02-28T12:54:16","guid":{"rendered":"https:\/\/prodelcobre.cl\/nueva\/?p=14524"},"modified":"2025-02-28T09:54:17","modified_gmt":"2025-02-28T12:54:17","slug":"aprimin-se-pronuncia-respecto-a-aranceles-del-cobre-por-parte-del-gobierno-de-donald-trump","status":"publish","type":"post","link":"https:\/\/prodelcobre.cl\/nueva\/aprimin-se-pronuncia-respecto-a-aranceles-del-cobre-por-parte-del-gobierno-de-donald-trump\/","title":{"rendered":"Aprimin se pronuncia respecto a aranceles del Cobre por parte del Gobierno de Donald Trump"},"content":{"rendered":"\n<p class=\"has-medium-font-size\"><strong>Sergio Hern\u00e1ndez, director ejecutivo de Aprimin declar\u00f3, a prop\u00f3sito de los aranceles anunciados por el presidente Trump al cobre, que este tipo de medidas se aplican para proteger a la industria de cada pa\u00eds, en la medida que se justifique por razones de dumping que haya en el pa\u00eds exportador.<\/strong><\/p>\n\n\n\n<p class=\"has-medium-font-size\">En este caso, no existe ninguna de las razones para que USA pueda aplicar estos aranceles al cobre chileno, ya que ese pa\u00eds no tiene la capacidad de producir el diferencial de cobre que su econom\u00eda necesita, m\u00e1s de 700.000 toneladas adicionales que importa; es decir, las exportaciones a USA no compiten con la producci\u00f3n local.<\/p>\n\n\n\n<p class=\"has-medium-font-size\">La segunda raz\u00f3n, que haya dumping en el pa\u00eds exportador (Chile en este caso), no existe, los precios del cobre los determina el mercado, especialmente la Bolsa de Londres, estando Chile protegido por los acuerdos comerciales con USA. Una medida de esta naturaleza no solo no tiene justificaci\u00f3n econ\u00f3mica para Estados Unidos, ni autorizaci\u00f3n normativa, sino s\u00f3lo perjudica a las industrias norteamericanas consumidoras del cobre chileno.<\/p>\n\n\n\n<figure class=\"wp-block-image aligncenter size-full is-resized\"><img fetchpriority=\"high\" decoding=\"async\" width=\"900\" height=\"900\" src=\"https:\/\/prodelcobre.cl\/nueva\/wp-content\/uploads\/2025\/02\/Agregar-un-titulo-web-98.jpg\" alt=\"\" class=\"wp-image-14525\" style=\"width:312px;height:auto\" srcset=\"https:\/\/prodelcobre.cl\/nueva\/wp-content\/uploads\/2025\/02\/Agregar-un-titulo-web-98.jpg 900w, https:\/\/prodelcobre.cl\/nueva\/wp-content\/uploads\/2025\/02\/Agregar-un-titulo-web-98-150x150.jpg 150w, https:\/\/prodelcobre.cl\/nueva\/wp-content\/uploads\/2025\/02\/Agregar-un-titulo-web-98-768x768.jpg 768w\" sizes=\"(max-width: 900px) 100vw, 900px\" \/><figcaption class=\"wp-element-caption\">Sergio Hern\u00e1ndez, director ejecutivo de Aprimin.<\/figcaption><\/figure>\n","protected":false},"excerpt":{"rendered":"<p>Sergio Hern\u00e1ndez, director ejecutivo de Aprimin declar\u00f3, a prop\u00f3sito de los aranceles anunciados por el presidente Trump al<\/p>\n","protected":false},"author":2,"featured_media":14205,"comment_status":"closed","ping_status":"closed","sticky":false,"template":"","format":"standard","meta":{"footnotes":""},"categories":[51,52],"tags":[149,78,978],"class_list":["post-14524","post","type-post","status-publish","format-standard","has-post-thumbnail","hentry","category-chile","category-noticias","tag-aprimin","tag-cobre","tag-trump"],"rttpg_featured_image_url":{"full":["https:\/\/prodelcobre.cl\/nueva\/wp-content\/uploads\/2025\/01\/wire-2681887_640.jpg",640,360,false],"landscape":["https:\/\/prodelcobre.cl\/nueva\/wp-content\/uploads\/2025\/01\/wire-2681887_640.jpg",640,360,false],"portraits":["https:\/\/prodelcobre.cl\/nueva\/wp-content\/uploads\/2025\/01\/wire-2681887_640.jpg",640,360,false],"thumbnail":["https:\/\/prodelcobre.cl\/nueva\/wp-content\/uploads\/2025\/01\/wire-2681887_640-150x150.jpg",150,150,true],"medium":["https:\/\/prodelcobre.cl\/nueva\/wp-content\/uploads\/2025\/01\/wire-2681887_640.jpg",640,360,false],"large":["https:\/\/prodelcobre.cl\/nueva\/wp-content\/uploads\/2025\/01\/wire-2681887_640.jpg",640,360,false],"1536x1536":["https:\/\/prodelcobre.cl\/nueva\/wp-content\/uploads\/2025\/01\/wire-2681887_640.jpg",640,360,false],"2048x2048":["https:\/\/prodelcobre.cl\/nueva\/wp-content\/uploads\/2025\/01\/wire-2681887_640.jpg",640,360,false],"morenews-featured":["https:\/\/prodelcobre.cl\/nueva\/wp-content\/uploads\/2025\/01\/wire-2681887_640.jpg",640,360,false],"morenews-large":["https:\/\/prodelcobre.cl\/nueva\/wp-content\/uploads\/2025\/01\/wire-2681887_640.jpg",640,360,false],"morenews-medium":["https:\/\/prodelcobre.cl\/nueva\/wp-content\/uploads\/2025\/01\/wire-2681887_640-590x360.jpg",590,360,true],"psacp-medium":["https:\/\/prodelcobre.cl\/nueva\/wp-content\/uploads\/2025\/01\/wire-2681887_640.jpg",500,281,false]},"rttpg_author":{"display_name":"Jorge Pardo","author_link":"https:\/\/prodelcobre.cl\/nueva\/author\/prensa\/"},"rttpg_comment":0,"rttpg_category":"<a href=\"https:\/\/prodelcobre.cl\/nueva\/category\/chile\/\" rel=\"category tag\">Chile<\/a> <a href=\"https:\/\/prodelcobre.cl\/nueva\/category\/noticias\/\" rel=\"category tag\">Noticias<\/a>","rttpg_excerpt":"Sergio Hern\u00e1ndez, director ejecutivo de Aprimin declar\u00f3, a prop\u00f3sito de los aranceles anunciados por el presidente Trump al","_links":{"self":[{"href":"https:\/\/prodelcobre.cl\/nueva\/wp-json\/wp\/v2\/posts\/14524","targetHints":{"allow":["GET"]}}],"collection":[{"href":"https:\/\/prodelcobre.cl\/nueva\/wp-json\/wp\/v2\/posts"}],"about":[{"href":"https:\/\/prodelcobre.cl\/nueva\/wp-json\/wp\/v2\/types\/post"}],"author":[{"embeddable":true,"href":"https:\/\/prodelcobre.cl\/nueva\/wp-json\/wp\/v2\/users\/2"}],"replies":[{"embeddable":true,"href":"https:\/\/prodelcobre.cl\/nueva\/wp-json\/wp\/v2\/comments?post=14524"}],"version-history":[{"count":1,"href":"https:\/\/prodelcobre.cl\/nueva\/wp-json\/wp\/v2\/posts\/14524\/revisions"}],"predecessor-version":[{"id":14526,"href":"https:\/\/prodelcobre.cl\/nueva\/wp-json\/wp\/v2\/posts\/14524\/revisions\/14526"}],"wp:featuredmedia":[{"embeddable":true,"href":"https:\/\/prodelcobre.cl\/nueva\/wp-json\/wp\/v2\/media\/14205"}],"wp:attachment":[{"href":"https:\/\/prodelcobre.cl\/nueva\/wp-json\/wp\/v2\/media?parent=14524"}],"wp:term":[{"taxonomy":"category","embeddable":true,"href":"https:\/\/prodelcobre.cl\/nueva\/wp-json\/wp\/v2\/categories?post=14524"},{"taxonomy":"post_tag","embeddable":true,"href":"https:\/\/prodelcobre.cl\/nueva\/wp-json\/wp\/v2\/tags?post=14524"}],"curies":[{"name":"wp","href":"https:\/\/api.w.org\/{rel}","templated":true}]}}