{"id":15057,"date":"2025-05-08T09:00:00","date_gmt":"2025-05-08T12:00:00","guid":{"rendered":"https:\/\/prodelcobre.cl\/nueva\/?p=15057"},"modified":"2025-05-07T19:07:11","modified_gmt":"2025-05-07T22:07:11","slug":"aprimin-inaugura-su-primera-feria-tecnologica-itinerante-junto-a-mininnova-en-el-liceo-industrial-bicentenario-chileno-aleman","status":"publish","type":"post","link":"https:\/\/prodelcobre.cl\/nueva\/aprimin-inaugura-su-primera-feria-tecnologica-itinerante-junto-a-mininnova-en-el-liceo-industrial-bicentenario-chileno-aleman\/","title":{"rendered":"Aprimin inaugura su primera Feria Tecnol\u00f3gica Itinerante junto a Mininnova en el Liceo Industrial Bicentenario Chileno Alem\u00e1n"},"content":{"rendered":"\n<p class=\"has-medium-font-size\">Con la participaci\u00f3n de m\u00e1s de 20 empresas socias, el Comit\u00e9 Educacional de la Asociaci\u00f3n de proveedores Industriales de la Miner\u00eda (Aprimin), en conjunto con Mininnova, dio inicio a su primera Feria Tecnol\u00f3gica Itinerante, realizada en el Liceo Industrial Bicentenario Chileno Alem\u00e1n (LICHAN), ubicado en la comuna de \u00d1u\u00f1oa, Santiago.<\/p>\n\n\n\n<p class=\"has-medium-font-size\">La feria reuni\u00f3 a estudiantes, docentes, autoridades regionales y representantes de destacadas compa\u00f1\u00edas proveedoras de la miner\u00eda, quienes desplegaron una muestra con stands interactivos, tecnolog\u00eda de punta y presentaciones en vivo, permitiendo que los j\u00f3venes conocieran de primera fuente c\u00f3mo se desarrolla hoy la industria minera en Chile y el mundo.<\/p>\n\n\n\n<p class=\"has-medium-font-size\">\u201cEstamos en la primera de muchas ferias tecnol\u00f3gicas itinerantes que queremos hacer en el pa\u00eds, con el objetivo de acercar a los j\u00f3venes a la industria a trav\u00e9s de sus empresas proveedoras\u201d, se\u00f1al\u00f3 Jorge Bravo, gerente de Estudios y Proyectos de Aprimin.<\/p>\n\n\n\n<p class=\"has-medium-font-size\">Esta actividad se enmarca en el compromiso del comit\u00e9 educacional por estrechar la relaci\u00f3n entre la educaci\u00f3n t\u00e9cnica y la industria minera, generando oportunidades concretas de aprendizaje y orientaci\u00f3n vocacional para estudiantes de ense\u00f1anza media t\u00e9cnico-profesional.<\/p>\n\n\n\n<p class=\"has-medium-font-size\">\u201cLas empresas han tra\u00eddo innovaci\u00f3n y tecnolog\u00eda para que los estudiantes sean capaces de visualizar las posibilidades que tienen en el futuro y acercar la miner\u00eda a los j\u00f3venes\u201d, destac\u00f3 Carolina Gonz\u00e1lez, presidenta del Comit\u00e9 Educacional de Aprimin.<\/p>\n","protected":false},"excerpt":{"rendered":"<p>Con la participaci\u00f3n de m\u00e1s de 20 empresas socias, el Comit\u00e9 Educacional de la Asociaci\u00f3n de proveedores Industriales<\/p>\n","protected":false},"author":2,"featured_media":15058,"comment_status":"closed","ping_status":"closed","sticky":false,"template":"","format":"standard","meta":{"footnotes":""},"categories":[51,52],"tags":[149],"class_list":["post-15057","post","type-post","status-publish","format-standard","has-post-thumbnail","hentry","category-chile","category-noticias","tag-aprimin"],"rttpg_featured_image_url":{"full":["https:\/\/prodelcobre.cl\/nueva\/wp-content\/uploads\/2025\/05\/APRIMIN-WEB.jpg",800,600,false],"landscape":["https:\/\/prodelcobre.cl\/nueva\/wp-content\/uploads\/2025\/05\/APRIMIN-WEB.jpg",800,600,false],"portraits":["https:\/\/prodelcobre.cl\/nueva\/wp-content\/uploads\/2025\/05\/APRIMIN-WEB.jpg",800,600,false],"thumbnail":["https:\/\/prodelcobre.cl\/nueva\/wp-content\/uploads\/2025\/05\/APRIMIN-WEB-150x150.jpg",150,150,true],"medium":["https:\/\/prodelcobre.cl\/nueva\/wp-content\/uploads\/2025\/05\/APRIMIN-WEB.jpg",800,600,false],"large":["https:\/\/prodelcobre.cl\/nueva\/wp-content\/uploads\/2025\/05\/APRIMIN-WEB.jpg",800,600,false],"1536x1536":["https:\/\/prodelcobre.cl\/nueva\/wp-content\/uploads\/2025\/05\/APRIMIN-WEB.jpg",800,600,false],"2048x2048":["https:\/\/prodelcobre.cl\/nueva\/wp-content\/uploads\/2025\/05\/APRIMIN-WEB.jpg",800,600,false],"morenews-featured":["https:\/\/prodelcobre.cl\/nueva\/wp-content\/uploads\/2025\/05\/APRIMIN-WEB.jpg",800,600,false],"morenews-large":["https:\/\/prodelcobre.cl\/nueva\/wp-content\/uploads\/2025\/05\/APRIMIN-WEB-800x575.jpg",800,575,true],"morenews-medium":["https:\/\/prodelcobre.cl\/nueva\/wp-content\/uploads\/2025\/05\/APRIMIN-WEB-590x410.jpg",590,410,true],"psacp-medium":["https:\/\/prodelcobre.cl\/nueva\/wp-content\/uploads\/2025\/05\/APRIMIN-WEB.jpg",500,375,false]},"rttpg_author":{"display_name":"Jorge Pardo","author_link":"https:\/\/prodelcobre.cl\/nueva\/author\/prensa\/"},"rttpg_comment":0,"rttpg_category":"<a href=\"https:\/\/prodelcobre.cl\/nueva\/category\/chile\/\" rel=\"category tag\">Chile<\/a> <a href=\"https:\/\/prodelcobre.cl\/nueva\/category\/noticias\/\" rel=\"category tag\">Noticias<\/a>","rttpg_excerpt":"Con la participaci\u00f3n de m\u00e1s de 20 empresas socias, el Comit\u00e9 Educacional de la Asociaci\u00f3n de proveedores Industriales","_links":{"self":[{"href":"https:\/\/prodelcobre.cl\/nueva\/wp-json\/wp\/v2\/posts\/15057","targetHints":{"allow":["GET"]}}],"collection":[{"href":"https:\/\/prodelcobre.cl\/nueva\/wp-json\/wp\/v2\/posts"}],"about":[{"href":"https:\/\/prodelcobre.cl\/nueva\/wp-json\/wp\/v2\/types\/post"}],"author":[{"embeddable":true,"href":"https:\/\/prodelcobre.cl\/nueva\/wp-json\/wp\/v2\/users\/2"}],"replies":[{"embeddable":true,"href":"https:\/\/prodelcobre.cl\/nueva\/wp-json\/wp\/v2\/comments?post=15057"}],"version-history":[{"count":2,"href":"https:\/\/prodelcobre.cl\/nueva\/wp-json\/wp\/v2\/posts\/15057\/revisions"}],"predecessor-version":[{"id":15060,"href":"https:\/\/prodelcobre.cl\/nueva\/wp-json\/wp\/v2\/posts\/15057\/revisions\/15060"}],"wp:featuredmedia":[{"embeddable":true,"href":"https:\/\/prodelcobre.cl\/nueva\/wp-json\/wp\/v2\/media\/15058"}],"wp:attachment":[{"href":"https:\/\/prodelcobre.cl\/nueva\/wp-json\/wp\/v2\/media?parent=15057"}],"wp:term":[{"taxonomy":"category","embeddable":true,"href":"https:\/\/prodelcobre.cl\/nueva\/wp-json\/wp\/v2\/categories?post=15057"},{"taxonomy":"post_tag","embeddable":true,"href":"https:\/\/prodelcobre.cl\/nueva\/wp-json\/wp\/v2\/tags?post=15057"}],"curies":[{"name":"wp","href":"https:\/\/api.w.org\/{rel}","templated":true}]}}