{"id":15137,"date":"2025-05-16T11:36:01","date_gmt":"2025-05-16T14:36:01","guid":{"rendered":"https:\/\/prodelcobre.cl\/nueva\/?p=15137"},"modified":"2025-05-16T11:36:02","modified_gmt":"2025-05-16T14:36:02","slug":"division-radomiro-tomic-potencia-vocaciones-stem-en-liceos-de-calama","status":"publish","type":"post","link":"https:\/\/prodelcobre.cl\/nueva\/division-radomiro-tomic-potencia-vocaciones-stem-en-liceos-de-calama\/","title":{"rendered":"Divisi\u00f3n Radomiro Tomic potencia vocaciones STEM en liceos de Calama"},"content":{"rendered":"\n<h2 class=\"wp-block-heading has-medium-font-size\">La colaboraci\u00f3n con GroundProbe acerca a estudiantes de los liceos Mineros Am\u00e9rica y Radomiro Tomic a disciplinas clave para el desarrollo local y global.<\/h2>\n\n\n\n<p>Desde Calama, la Divisi\u00f3n Radomiro Tomic, junto a la empresa GroundProbe, llev\u00f3 a cabo un nuevo taller orientado a despertar el inter\u00e9s por la Ciencia, Tecnolog\u00eda, Ingenier\u00eda y Matem\u00e1ticas entre j\u00f3venes de los liceos Mineros Am\u00e9rica y Radomiro Tomic. Este encuentro forma parte del Plan Sponsor de la Educaci\u00f3n de Codelco y busca vincular a los estudiantes con contenidos pr\u00e1cticos vinculados a la actividad minera.<\/p>\n\n\n\n<p>Con m\u00e1s de tres a\u00f1os de trayectoria, esta iniciativa refuerza el prop\u00f3sito de Codelco de fortalecer la educaci\u00f3n t\u00e9cnica en la regi\u00f3n. Felipe C\u00e1rdenas, superintendente de Geotecnia de Radomiro Tomic, destac\u00f3 el valor de formar talentos locales: \u201cLa idea es que estos j\u00f3venes descubran su pasi\u00f3n por las ciencias e ingenier\u00edas, contin\u00faen sus estudios con ese enfoque y, en el futuro, regresen a aportar con sus competencias al desarrollo de la zona\u201d.<\/p>\n\n\n\n<p>Por su parte, Paulo Aguilera, gerente general de GroundProbe para Latinoam\u00e9rica, se\u00f1al\u00f3 que el objetivo es \u201cacercar la tecnolog\u00eda a quienes viven en territorios alejados de los grandes centros urbanos, para que en el futuro sean ellos quienes impulsen el progreso de sus comunidades\u201d. Tanto M\u00e1xima Su\u00e1rez, alumna de cuarto medio del Liceo Minero Am\u00e9rica, como Romel Albornoz, de tercero medio del Liceo Radomiro Tomic, valoraron la experiencia y afirmaron que el taller ampli\u00f3 sus opciones de carrera y les brind\u00f3 herramientas pr\u00e1cticas en \u00e1reas como la rob\u00f3tica y la programaci\u00f3n.<\/p>\n","protected":false},"excerpt":{"rendered":"<p>La colaboraci\u00f3n con GroundProbe acerca a estudiantes de los liceos Mineros Am\u00e9rica y Radomiro Tomic a disciplinas clave<\/p>\n","protected":false},"author":8,"featured_media":15138,"comment_status":"closed","ping_status":"closed","sticky":false,"template":"","format":"standard","meta":{"footnotes":""},"categories":[51,52],"tags":[796,1127,89,1126],"class_list":["post-15137","post","type-post","status-publish","format-standard","has-post-thumbnail","hentry","category-chile","category-noticias","tag-calama","tag-divisionradomirotomic","tag-mineria-4","tag-stem"],"rttpg_featured_image_url":{"full":["https:\/\/prodelcobre.cl\/nueva\/wp-content\/uploads\/2025\/05\/0-2.jpg",600,450,false],"landscape":["https:\/\/prodelcobre.cl\/nueva\/wp-content\/uploads\/2025\/05\/0-2.jpg",600,450,false],"portraits":["https:\/\/prodelcobre.cl\/nueva\/wp-content\/uploads\/2025\/05\/0-2.jpg",600,450,false],"thumbnail":["https:\/\/prodelcobre.cl\/nueva\/wp-content\/uploads\/2025\/05\/0-2-150x150.jpg",150,150,true],"medium":["https:\/\/prodelcobre.cl\/nueva\/wp-content\/uploads\/2025\/05\/0-2.jpg",600,450,false],"large":["https:\/\/prodelcobre.cl\/nueva\/wp-content\/uploads\/2025\/05\/0-2.jpg",600,450,false],"1536x1536":["https:\/\/prodelcobre.cl\/nueva\/wp-content\/uploads\/2025\/05\/0-2.jpg",600,450,false],"2048x2048":["https:\/\/prodelcobre.cl\/nueva\/wp-content\/uploads\/2025\/05\/0-2.jpg",600,450,false],"morenews-featured":["https:\/\/prodelcobre.cl\/nueva\/wp-content\/uploads\/2025\/05\/0-2.jpg",600,450,false],"morenews-large":["https:\/\/prodelcobre.cl\/nueva\/wp-content\/uploads\/2025\/05\/0-2.jpg",600,450,false],"morenews-medium":["https:\/\/prodelcobre.cl\/nueva\/wp-content\/uploads\/2025\/05\/0-2-590x410.jpg",590,410,true],"psacp-medium":["https:\/\/prodelcobre.cl\/nueva\/wp-content\/uploads\/2025\/05\/0-2.jpg",500,375,false]},"rttpg_author":{"display_name":"Tom\u00e1s Contreras","author_link":"https:\/\/prodelcobre.cl\/nueva\/author\/tcontreras\/"},"rttpg_comment":0,"rttpg_category":"<a href=\"https:\/\/prodelcobre.cl\/nueva\/category\/chile\/\" rel=\"category tag\">Chile<\/a> <a href=\"https:\/\/prodelcobre.cl\/nueva\/category\/noticias\/\" rel=\"category tag\">Noticias<\/a>","rttpg_excerpt":"La colaboraci\u00f3n con GroundProbe acerca a estudiantes de los liceos Mineros Am\u00e9rica y Radomiro Tomic a disciplinas clave","_links":{"self":[{"href":"https:\/\/prodelcobre.cl\/nueva\/wp-json\/wp\/v2\/posts\/15137","targetHints":{"allow":["GET"]}}],"collection":[{"href":"https:\/\/prodelcobre.cl\/nueva\/wp-json\/wp\/v2\/posts"}],"about":[{"href":"https:\/\/prodelcobre.cl\/nueva\/wp-json\/wp\/v2\/types\/post"}],"author":[{"embeddable":true,"href":"https:\/\/prodelcobre.cl\/nueva\/wp-json\/wp\/v2\/users\/8"}],"replies":[{"embeddable":true,"href":"https:\/\/prodelcobre.cl\/nueva\/wp-json\/wp\/v2\/comments?post=15137"}],"version-history":[{"count":1,"href":"https:\/\/prodelcobre.cl\/nueva\/wp-json\/wp\/v2\/posts\/15137\/revisions"}],"predecessor-version":[{"id":15139,"href":"https:\/\/prodelcobre.cl\/nueva\/wp-json\/wp\/v2\/posts\/15137\/revisions\/15139"}],"wp:featuredmedia":[{"embeddable":true,"href":"https:\/\/prodelcobre.cl\/nueva\/wp-json\/wp\/v2\/media\/15138"}],"wp:attachment":[{"href":"https:\/\/prodelcobre.cl\/nueva\/wp-json\/wp\/v2\/media?parent=15137"}],"wp:term":[{"taxonomy":"category","embeddable":true,"href":"https:\/\/prodelcobre.cl\/nueva\/wp-json\/wp\/v2\/categories?post=15137"},{"taxonomy":"post_tag","embeddable":true,"href":"https:\/\/prodelcobre.cl\/nueva\/wp-json\/wp\/v2\/tags?post=15137"}],"curies":[{"name":"wp","href":"https:\/\/api.w.org\/{rel}","templated":true}]}}