{"id":15252,"date":"2025-05-30T12:43:35","date_gmt":"2025-05-30T15:43:35","guid":{"rendered":"https:\/\/prodelcobre.cl\/nueva\/?p=15252"},"modified":"2025-05-30T12:43:36","modified_gmt":"2025-05-30T15:43:36","slug":"chile-lanza-orientah2-plataforma-clave-para-el-desarrollo-del-hidrogeno-verde","status":"publish","type":"post","link":"https:\/\/prodelcobre.cl\/nueva\/chile-lanza-orientah2-plataforma-clave-para-el-desarrollo-del-hidrogeno-verde\/","title":{"rendered":"Chile lanza OrientaH2, plataforma clave para el desarrollo del hidr\u00f3geno verde"},"content":{"rendered":"\n<h2 class=\"wp-block-heading has-medium-font-size\">La nueva herramienta digital re\u00fane proyectos, proveedores, diagn\u00f3sticos regionales y opciones de financiamiento para fortalecer la industria del hidr\u00f3geno verde en el pa\u00eds.<\/h2>\n\n\n\n<p class=\"has-medium-font-size\">Con el objetivo de consolidar el ecosistema del hidr\u00f3geno verde en Chile, el Ministerio de Energ\u00eda y la Agencia de Sostenibilidad Energ\u00e9tica lanzaron OrientaH2, una innovadora plataforma que centraliza informaci\u00f3n estrat\u00e9gica sobre iniciativas, actores y oportunidades del sector. Disponible en <a href=\"http:\/\/www.orientah2.xn--org-8n0a\/\">www.orientah2.org<\/a>, el sitio permite explorar proyectos actuales y futuros, conocer la oferta de proveedores y acceder a diagn\u00f3sticos regionales en cinco zonas clave: Antofagasta, Valpara\u00edso, Metropolitana, Biob\u00edo y Magallanes. \u201cEsta industria revolucionar\u00e1 nuestra matriz energ\u00e9tica\u201d, afirm\u00f3 el subsecretario de Energ\u00eda, Luis Felipe Ramos, quien encabez\u00f3 el evento junto a representantes de la academia y el sector p\u00fablico.<\/p>\n\n\n\n<p class=\"has-medium-font-size\">La herramienta, desarrollada por CliO Consulting, tambi\u00e9n ofrece datos sobre financiamiento para ideas emergentes o negocios en expansi\u00f3n. Cristina Victoriano, subdirectora de la AgenciaSE, destac\u00f3 que \u201cOrientaH2 ayuda a crear ese puente inicial entre oferta y demanda\u201d. El decano de la UDLA, Lorenzo Reyes, valor\u00f3 el enfoque territorial del proyecto, indicando que \u201ces un aporte concreto para articular actores y facilitar decisiones informadas\u201d. El lanzamiento marca un hito dentro del Plan de Acci\u00f3n de Hidr\u00f3geno Verde 2023-2030, en su l\u00ednea de acci\u00f3n N\u00b014, orientada a fomentar encadenamientos productivos en una industria clave para la transici\u00f3n energ\u00e9tica.<\/p>\n","protected":false},"excerpt":{"rendered":"<p>La nueva herramienta digital re\u00fane proyectos, proveedores, diagn\u00f3sticos regionales y opciones de financiamiento para fortalecer la industria del<\/p>\n","protected":false},"author":6,"featured_media":15253,"comment_status":"closed","ping_status":"closed","sticky":false,"template":"","format":"standard","meta":{"footnotes":""},"categories":[51,52],"tags":[984,253,1167,1168],"class_list":["post-15252","post","type-post","status-publish","format-standard","has-post-thumbnail","hentry","category-chile","category-noticias","tag-energia-6","tag-hidrogenoverde-2","tag-orientah2","tag-plataforma"],"rttpg_featured_image_url":{"full":["https:\/\/prodelcobre.cl\/nueva\/wp-content\/uploads\/2025\/05\/Cortesia-Ministerio-de-Energia.jpeg",525,310,false],"landscape":["https:\/\/prodelcobre.cl\/nueva\/wp-content\/uploads\/2025\/05\/Cortesia-Ministerio-de-Energia.jpeg",525,310,false],"portraits":["https:\/\/prodelcobre.cl\/nueva\/wp-content\/uploads\/2025\/05\/Cortesia-Ministerio-de-Energia.jpeg",525,310,false],"thumbnail":["https:\/\/prodelcobre.cl\/nueva\/wp-content\/uploads\/2025\/05\/Cortesia-Ministerio-de-Energia-150x150.jpeg",150,150,true],"medium":["https:\/\/prodelcobre.cl\/nueva\/wp-content\/uploads\/2025\/05\/Cortesia-Ministerio-de-Energia.jpeg",525,310,false],"large":["https:\/\/prodelcobre.cl\/nueva\/wp-content\/uploads\/2025\/05\/Cortesia-Ministerio-de-Energia.jpeg",525,310,false],"1536x1536":["https:\/\/prodelcobre.cl\/nueva\/wp-content\/uploads\/2025\/05\/Cortesia-Ministerio-de-Energia.jpeg",525,310,false],"2048x2048":["https:\/\/prodelcobre.cl\/nueva\/wp-content\/uploads\/2025\/05\/Cortesia-Ministerio-de-Energia.jpeg",525,310,false],"morenews-featured":["https:\/\/prodelcobre.cl\/nueva\/wp-content\/uploads\/2025\/05\/Cortesia-Ministerio-de-Energia.jpeg",525,310,false],"morenews-large":["https:\/\/prodelcobre.cl\/nueva\/wp-content\/uploads\/2025\/05\/Cortesia-Ministerio-de-Energia.jpeg",525,310,false],"morenews-medium":["https:\/\/prodelcobre.cl\/nueva\/wp-content\/uploads\/2025\/05\/Cortesia-Ministerio-de-Energia.jpeg",525,310,false],"psacp-medium":["https:\/\/prodelcobre.cl\/nueva\/wp-content\/uploads\/2025\/05\/Cortesia-Ministerio-de-Energia.jpeg",500,295,false]},"rttpg_author":{"display_name":"Benjam\u00edn Morales","author_link":"https:\/\/prodelcobre.cl\/nueva\/author\/prensa2\/"},"rttpg_comment":0,"rttpg_category":"<a href=\"https:\/\/prodelcobre.cl\/nueva\/category\/chile\/\" rel=\"category tag\">Chile<\/a> <a href=\"https:\/\/prodelcobre.cl\/nueva\/category\/noticias\/\" rel=\"category tag\">Noticias<\/a>","rttpg_excerpt":"La nueva herramienta digital re\u00fane proyectos, proveedores, diagn\u00f3sticos regionales y opciones de financiamiento para fortalecer la industria del","_links":{"self":[{"href":"https:\/\/prodelcobre.cl\/nueva\/wp-json\/wp\/v2\/posts\/15252","targetHints":{"allow":["GET"]}}],"collection":[{"href":"https:\/\/prodelcobre.cl\/nueva\/wp-json\/wp\/v2\/posts"}],"about":[{"href":"https:\/\/prodelcobre.cl\/nueva\/wp-json\/wp\/v2\/types\/post"}],"author":[{"embeddable":true,"href":"https:\/\/prodelcobre.cl\/nueva\/wp-json\/wp\/v2\/users\/6"}],"replies":[{"embeddable":true,"href":"https:\/\/prodelcobre.cl\/nueva\/wp-json\/wp\/v2\/comments?post=15252"}],"version-history":[{"count":1,"href":"https:\/\/prodelcobre.cl\/nueva\/wp-json\/wp\/v2\/posts\/15252\/revisions"}],"predecessor-version":[{"id":15254,"href":"https:\/\/prodelcobre.cl\/nueva\/wp-json\/wp\/v2\/posts\/15252\/revisions\/15254"}],"wp:featuredmedia":[{"embeddable":true,"href":"https:\/\/prodelcobre.cl\/nueva\/wp-json\/wp\/v2\/media\/15253"}],"wp:attachment":[{"href":"https:\/\/prodelcobre.cl\/nueva\/wp-json\/wp\/v2\/media?parent=15252"}],"wp:term":[{"taxonomy":"category","embeddable":true,"href":"https:\/\/prodelcobre.cl\/nueva\/wp-json\/wp\/v2\/categories?post=15252"},{"taxonomy":"post_tag","embeddable":true,"href":"https:\/\/prodelcobre.cl\/nueva\/wp-json\/wp\/v2\/tags?post=15252"}],"curies":[{"name":"wp","href":"https:\/\/api.w.org\/{rel}","templated":true}]}}