{"id":15673,"date":"2025-07-17T16:38:24","date_gmt":"2025-07-17T19:38:24","guid":{"rendered":"https:\/\/prodelcobre.cl\/nueva\/?p=15673"},"modified":"2025-07-17T16:38:24","modified_gmt":"2025-07-17T19:38:24","slug":"politica-nacional-de-seguridad-y-salud-en-la-mineria-es-aprobada-por-el-gobierno","status":"publish","type":"post","link":"https:\/\/prodelcobre.cl\/nueva\/politica-nacional-de-seguridad-y-salud-en-la-mineria-es-aprobada-por-el-gobierno\/","title":{"rendered":"Pol\u00edtica Nacional de Seguridad y Salud en la Miner\u00eda es aprobada por el Gobierno"},"content":{"rendered":"\n<p class=\"has-medium-font-size\"><strong>El Comit\u00e9 de Ministras y Ministros aprob\u00f3 este jueves el nuevo Programa Nacional de Seguridad y Salud en la Miner\u00eda que propone una bater\u00eda de medidas para el Estado de Chile, para las organizaciones de persona trabajadoras, para las entidades empleadoras y para los Organismos Administradores del Seguro de Accidentes Laborales y Enfermedades Profesionales (Ley 16.744).<\/strong><\/p>\n\n\n\n<p class=\"has-medium-font-size\">El Comit\u00e9 Interministerial de Seguridad y Salud en el Trabajo (SST), conformado por los ministerios de Trabajo y Previsi\u00f3n Social, Salud, Agricultura, Miner\u00eda, Defensa, Econom\u00eda y Transporte, aprobaron el documento cuya presentaci\u00f3n realiz\u00f3 el subsecretario de Previsi\u00f3n Social, Claudio Reyes, y que fue elaborado por la Comisi\u00f3n Tripartita que funcion\u00f3 durante un a\u00f1o para la elaboraci\u00f3n de esta propuesta.<\/p>\n\n\n\n<p class=\"has-medium-font-size\">La Comisi\u00f3n Tripartida para la Pol\u00edtica Nacional de Seguridad y Salud en la Miner\u00eda, responsable del documento, cont\u00f3 con la participaci\u00f3n de representantes de la Coordinadora de Trabajadores de la Miner\u00eda, SONAMI, del Consejo Minero, APRIMIN, as\u00ed como de los equipos del Ministerio de Salud, Ministerio de Miner\u00eda, Direcci\u00f3n del Trabajo, Superintendencia de Seguridad Social y del Instituto de Seguridad Laboral, y del Servicio Nacional de Geolog\u00eda y Miner\u00eda, SERNAGEOMIN.<\/p>\n\n\n\n<p class=\"has-medium-font-size\">El ministro del Trabajo y Previsi\u00f3n Social, Giorgio Boccardo destac\u00f3 que la Pol\u00edtica Nacional de Seguridad y Salud en la Miner\u00eda, no solo eleva los est\u00e1ndares en una de las principales actividades productivas del pa\u00eds, sino que tambi\u00e9n consolida un enfoque de desarrollo con derechos.<\/p>\n\n\n\n<p class=\"has-medium-font-size\">En tanto, la ministra de Miner\u00eda, Aurora Williams, resalt\u00f3 que \u201cnos hemos transformado en la industria que, a nivel mundial, tiene una pol\u00edtica de seguridad y la primera industria en Chile en tener esta pol\u00edtica construida desde la diversidad de voces y bajo los principios del di\u00e1logo tripartito que han sido realmente importantes\u201d.<\/p>\n\n\n\n<p class=\"has-medium-font-size\">Por su parte, el Subsecretario de Previsi\u00f3n Social, Claudio Reyes dijo que esta es una pol\u00edtica que \u201cincluye una perspectiva de g\u00e9nero, donde la diversidad tambi\u00e9n est\u00e1 presente, y por lo tanto es una pol\u00edtica ejemplar (\u2026) Esto, que nos pone a la vanguardia de la seguridad y salud en el trabajo en el mundo\u201d.<\/p>\n","protected":false},"excerpt":{"rendered":"<p>El Comit\u00e9 de Ministras y Ministros aprob\u00f3 este jueves el nuevo Programa Nacional de Seguridad y Salud en<\/p>\n","protected":false},"author":2,"featured_media":15674,"comment_status":"closed","ping_status":"closed","sticky":false,"template":"","format":"standard","meta":{"footnotes":""},"categories":[51,52],"tags":[89,124,300,337],"class_list":["post-15673","post","type-post","status-publish","format-standard","has-post-thumbnail","hentry","category-chile","category-noticias","tag-mineria-4","tag-ministeriodemineria","tag-salud","tag-seguridad"],"rttpg_featured_image_url":{"full":["https:\/\/prodelcobre.cl\/nueva\/wp-content\/uploads\/2025\/07\/Politica-Nacional-de-Seguridad-y-Salud-en-la-Mineria-2.jpg",800,547,false],"landscape":["https:\/\/prodelcobre.cl\/nueva\/wp-content\/uploads\/2025\/07\/Politica-Nacional-de-Seguridad-y-Salud-en-la-Mineria-2.jpg",800,547,false],"portraits":["https:\/\/prodelcobre.cl\/nueva\/wp-content\/uploads\/2025\/07\/Politica-Nacional-de-Seguridad-y-Salud-en-la-Mineria-2.jpg",800,547,false],"thumbnail":["https:\/\/prodelcobre.cl\/nueva\/wp-content\/uploads\/2025\/07\/Politica-Nacional-de-Seguridad-y-Salud-en-la-Mineria-2-150x150.jpg",150,150,true],"medium":["https:\/\/prodelcobre.cl\/nueva\/wp-content\/uploads\/2025\/07\/Politica-Nacional-de-Seguridad-y-Salud-en-la-Mineria-2.jpg",800,547,false],"large":["https:\/\/prodelcobre.cl\/nueva\/wp-content\/uploads\/2025\/07\/Politica-Nacional-de-Seguridad-y-Salud-en-la-Mineria-2.jpg",800,547,false],"1536x1536":["https:\/\/prodelcobre.cl\/nueva\/wp-content\/uploads\/2025\/07\/Politica-Nacional-de-Seguridad-y-Salud-en-la-Mineria-2.jpg",800,547,false],"2048x2048":["https:\/\/prodelcobre.cl\/nueva\/wp-content\/uploads\/2025\/07\/Politica-Nacional-de-Seguridad-y-Salud-en-la-Mineria-2.jpg",800,547,false],"morenews-featured":["https:\/\/prodelcobre.cl\/nueva\/wp-content\/uploads\/2025\/07\/Politica-Nacional-de-Seguridad-y-Salud-en-la-Mineria-2.jpg",800,547,false],"morenews-large":["https:\/\/prodelcobre.cl\/nueva\/wp-content\/uploads\/2025\/07\/Politica-Nacional-de-Seguridad-y-Salud-en-la-Mineria-2.jpg",800,547,false],"morenews-medium":["https:\/\/prodelcobre.cl\/nueva\/wp-content\/uploads\/2025\/07\/Politica-Nacional-de-Seguridad-y-Salud-en-la-Mineria-2-590x410.jpg",590,410,true],"psacp-medium":["https:\/\/prodelcobre.cl\/nueva\/wp-content\/uploads\/2025\/07\/Politica-Nacional-de-Seguridad-y-Salud-en-la-Mineria-2.jpg",500,342,false]},"rttpg_author":{"display_name":"Jorge Pardo","author_link":"https:\/\/prodelcobre.cl\/nueva\/author\/prensa\/"},"rttpg_comment":0,"rttpg_category":"<a href=\"https:\/\/prodelcobre.cl\/nueva\/category\/chile\/\" rel=\"category tag\">Chile<\/a> <a href=\"https:\/\/prodelcobre.cl\/nueva\/category\/noticias\/\" rel=\"category tag\">Noticias<\/a>","rttpg_excerpt":"El Comit\u00e9 de Ministras y Ministros aprob\u00f3 este jueves el nuevo Programa Nacional de Seguridad y Salud en","_links":{"self":[{"href":"https:\/\/prodelcobre.cl\/nueva\/wp-json\/wp\/v2\/posts\/15673","targetHints":{"allow":["GET"]}}],"collection":[{"href":"https:\/\/prodelcobre.cl\/nueva\/wp-json\/wp\/v2\/posts"}],"about":[{"href":"https:\/\/prodelcobre.cl\/nueva\/wp-json\/wp\/v2\/types\/post"}],"author":[{"embeddable":true,"href":"https:\/\/prodelcobre.cl\/nueva\/wp-json\/wp\/v2\/users\/2"}],"replies":[{"embeddable":true,"href":"https:\/\/prodelcobre.cl\/nueva\/wp-json\/wp\/v2\/comments?post=15673"}],"version-history":[{"count":1,"href":"https:\/\/prodelcobre.cl\/nueva\/wp-json\/wp\/v2\/posts\/15673\/revisions"}],"predecessor-version":[{"id":15675,"href":"https:\/\/prodelcobre.cl\/nueva\/wp-json\/wp\/v2\/posts\/15673\/revisions\/15675"}],"wp:featuredmedia":[{"embeddable":true,"href":"https:\/\/prodelcobre.cl\/nueva\/wp-json\/wp\/v2\/media\/15674"}],"wp:attachment":[{"href":"https:\/\/prodelcobre.cl\/nueva\/wp-json\/wp\/v2\/media?parent=15673"}],"wp:term":[{"taxonomy":"category","embeddable":true,"href":"https:\/\/prodelcobre.cl\/nueva\/wp-json\/wp\/v2\/categories?post=15673"},{"taxonomy":"post_tag","embeddable":true,"href":"https:\/\/prodelcobre.cl\/nueva\/wp-json\/wp\/v2\/tags?post=15673"}],"curies":[{"name":"wp","href":"https:\/\/api.w.org\/{rel}","templated":true}]}}