{"id":18119,"date":"2026-04-26T10:00:00","date_gmt":"2026-04-26T13:00:00","guid":{"rendered":"https:\/\/prodelcobre.cl\/nueva\/?p=18119"},"modified":"2026-04-24T18:03:14","modified_gmt":"2026-04-24T21:03:14","slug":"aguas-esperanza-inicia-suministro-de-agua-al-distrito-minero-centinela-con-la-puesta-en-marcha-de-siam-ii-en-chile","status":"publish","type":"post","link":"https:\/\/prodelcobre.cl\/nueva\/aguas-esperanza-inicia-suministro-de-agua-al-distrito-minero-centinela-con-la-puesta-en-marcha-de-siam-ii-en-chile\/","title":{"rendered":"Aguas Esperanza inicia suministro de agua al Distrito Minero Centinela con la puesta en marcha de SIAM II en Chile"},"content":{"rendered":"\n<p class=\"has-text-align-right has-small-font-size\"><em>Imagen: Transelec.<\/em><\/p>\n\n\n\n<h2 class=\"wp-block-heading has-medium-font-size\">La nueva infraestructura ampl\u00eda la capacidad de transporte h\u00eddrico y consolida un sistema estrat\u00e9gico entre la costa y la faena minera en la Regi\u00f3n de Antofagasta.<\/h2>\n\n\n\n<p class=\"has-medium-font-size\">Aguas Esperanza, sociedad integrada por Almar Water Solutions y Transelec, comenz\u00f3 a operar la segunda tuber\u00eda del sistema de impulsi\u00f3n de agua para Minera Centinela, marcando el inicio del abastecimiento hacia el Distrito Minero Centinela. Este avance se concreta tras la adquisici\u00f3n de SIAM I en 2024 y la reciente finalizaci\u00f3n de SIAM II, fortaleciendo una red clave que conecta el Puerto de Michilla con la operaci\u00f3n minera de Antofagasta Minerals.<\/p>\n\n\n\n<p class=\"has-medium-font-size\">La incorporaci\u00f3n de esta nueva l\u00ednea permite sumar una capacidad adicional de 56.000 m\u00b3 diarios al sistema, que ya contaba con 111.000 m\u00b3\/d\u00eda provenientes de SIAM I. En conjunto, la infraestructura supera los 167.000 m\u00b3 diarios de transporte de agua a trav\u00e9s de una extensi\u00f3n cercana a los 144 kil\u00f3metros, elevando el recurso desde la costa hasta una altitud de m\u00e1s de 2.200 metros, asegurando continuidad operativa y mayor seguridad h\u00eddrica para el complejo minero.<\/p>\n\n\n\n<p class=\"has-medium-font-size\">\u201cEste hito demuestra la fortaleza de nuestro modelo de inversi\u00f3n y gesti\u00f3n a largo plazo. Con la puesta en servicio de SIAM II, consolidamos una infraestructura clave para la seguridad h\u00eddrica de Nueva Centinela y reafirmamos nuestra apuesta por soluciones sostenibles, eficientes y financieramente s\u00f3lidas para la industria\u201d, ha afirmado Carlos Cos\u00edn, CEO de Almar Water Solutions. Por su parte, Arturo Le Blanc, CEO de Transelec se\u00f1al\u00f3 que este proyecto \u201ces in\u00e9dito y relevante para la industria minera verde en Chile y estamos muy orgullosos de desarrollar una iniciativa junto a nuestros socios y cliente, que han requerido perseverancia, inversi\u00f3n y la capacidad de resolver desaf\u00edos complejos, manteniendo siempre una relaci\u00f3n cercana con todos los actores involucrados\u201d.<\/p>\n","protected":false},"excerpt":{"rendered":"<p>Imagen: Transelec. La nueva infraestructura ampl\u00eda la capacidad de transporte h\u00eddrico y consolida un sistema estrat\u00e9gico entre la<\/p>\n","protected":false},"author":8,"featured_media":18120,"comment_status":"closed","ping_status":"closed","sticky":false,"template":"","format":"standard","meta":{"footnotes":""},"categories":[51],"tags":[1506,1507],"class_list":["post-18119","post","type-post","status-publish","format-standard","has-post-thumbnail","hentry","category-chile","tag-aguasesperanza","tag-transelec"],"rttpg_featured_image_url":{"full":["https:\/\/prodelcobre.cl\/nueva\/wp-content\/uploads\/2026\/04\/FOTO-1.jpg",750,521,false],"landscape":["https:\/\/prodelcobre.cl\/nueva\/wp-content\/uploads\/2026\/04\/FOTO-1.jpg",750,521,false],"portraits":["https:\/\/prodelcobre.cl\/nueva\/wp-content\/uploads\/2026\/04\/FOTO-1.jpg",750,521,false],"thumbnail":["https:\/\/prodelcobre.cl\/nueva\/wp-content\/uploads\/2026\/04\/FOTO-1-150x150.jpg",150,150,true],"medium":["https:\/\/prodelcobre.cl\/nueva\/wp-content\/uploads\/2026\/04\/FOTO-1.jpg",750,521,false],"large":["https:\/\/prodelcobre.cl\/nueva\/wp-content\/uploads\/2026\/04\/FOTO-1.jpg",750,521,false],"1536x1536":["https:\/\/prodelcobre.cl\/nueva\/wp-content\/uploads\/2026\/04\/FOTO-1.jpg",750,521,false],"2048x2048":["https:\/\/prodelcobre.cl\/nueva\/wp-content\/uploads\/2026\/04\/FOTO-1.jpg",750,521,false],"morenews-featured":["https:\/\/prodelcobre.cl\/nueva\/wp-content\/uploads\/2026\/04\/FOTO-1.jpg",750,521,false],"morenews-large":["https:\/\/prodelcobre.cl\/nueva\/wp-content\/uploads\/2026\/04\/FOTO-1.jpg",750,521,false],"morenews-medium":["https:\/\/prodelcobre.cl\/nueva\/wp-content\/uploads\/2026\/04\/FOTO-1-590x410.jpg",590,410,true],"psacp-medium":["https:\/\/prodelcobre.cl\/nueva\/wp-content\/uploads\/2026\/04\/FOTO-1-500x500.jpg",500,500,true]},"rttpg_author":{"display_name":"Tom\u00e1s Contreras","author_link":"https:\/\/prodelcobre.cl\/nueva\/author\/tcontreras\/"},"rttpg_comment":0,"rttpg_category":"<a href=\"https:\/\/prodelcobre.cl\/nueva\/category\/chile\/\" rel=\"category tag\">Chile<\/a>","rttpg_excerpt":"Imagen: Transelec. La nueva infraestructura ampl\u00eda la capacidad de transporte h\u00eddrico y consolida un sistema estrat\u00e9gico entre la","_links":{"self":[{"href":"https:\/\/prodelcobre.cl\/nueva\/wp-json\/wp\/v2\/posts\/18119","targetHints":{"allow":["GET"]}}],"collection":[{"href":"https:\/\/prodelcobre.cl\/nueva\/wp-json\/wp\/v2\/posts"}],"about":[{"href":"https:\/\/prodelcobre.cl\/nueva\/wp-json\/wp\/v2\/types\/post"}],"author":[{"embeddable":true,"href":"https:\/\/prodelcobre.cl\/nueva\/wp-json\/wp\/v2\/users\/8"}],"replies":[{"embeddable":true,"href":"https:\/\/prodelcobre.cl\/nueva\/wp-json\/wp\/v2\/comments?post=18119"}],"version-history":[{"count":1,"href":"https:\/\/prodelcobre.cl\/nueva\/wp-json\/wp\/v2\/posts\/18119\/revisions"}],"predecessor-version":[{"id":18121,"href":"https:\/\/prodelcobre.cl\/nueva\/wp-json\/wp\/v2\/posts\/18119\/revisions\/18121"}],"wp:featuredmedia":[{"embeddable":true,"href":"https:\/\/prodelcobre.cl\/nueva\/wp-json\/wp\/v2\/media\/18120"}],"wp:attachment":[{"href":"https:\/\/prodelcobre.cl\/nueva\/wp-json\/wp\/v2\/media?parent=18119"}],"wp:term":[{"taxonomy":"category","embeddable":true,"href":"https:\/\/prodelcobre.cl\/nueva\/wp-json\/wp\/v2\/categories?post=18119"},{"taxonomy":"post_tag","embeddable":true,"href":"https:\/\/prodelcobre.cl\/nueva\/wp-json\/wp\/v2\/tags?post=18119"}],"curies":[{"name":"wp","href":"https:\/\/api.w.org\/{rel}","templated":true}]}}