{"id":18122,"date":"2026-04-26T15:00:00","date_gmt":"2026-04-26T18:00:00","guid":{"rendered":"https:\/\/prodelcobre.cl\/nueva\/?p=18122"},"modified":"2026-04-24T18:24:42","modified_gmt":"2026-04-24T21:24:42","slug":"seminarios-exponor-2026-se-consolidan-como-eje-clave-del-conocimiento-minero-energetico","status":"publish","type":"post","link":"https:\/\/prodelcobre.cl\/nueva\/seminarios-exponor-2026-se-consolidan-como-eje-clave-del-conocimiento-minero-energetico\/","title":{"rendered":"Seminarios EXPONOR 2026 se consolidan como eje clave del conocimiento minero-energ\u00e9tico"},"content":{"rendered":"\n<p class=\"has-text-align-right has-small-font-size\"><em>Imagen: EXPONOR 2026.<\/em><\/p>\n\n\n\n<h2 class=\"wp-block-heading has-medium-font-size\">El evento prepara una completa agenda de encuentros estrat\u00e9gicos que abordar\u00e1n inversi\u00f3n, sostenibilidad y liderazgo, con la participaci\u00f3n de actores clave de la industria. Multimedios estar\u00e1 presente como medio asociado.<\/h2>\n\n\n\n<p class=\"has-medium-font-size\">Con una amplia programaci\u00f3n de actividades, Exponor 2026 alista un robusto ciclo de seminarios orientados a transformarse en una referencia informativa para empresas e instituciones ligadas a los sectores minero y energ\u00e9tico. En este escenario, destacan tres de los siete encuentros contemplados: Proyectos de Inversi\u00f3n en Miner\u00eda y Energ\u00eda I, Proyectos de Inversi\u00f3n en Miner\u00eda y Energ\u00eda II, y Liderazgo Estrat\u00e9gico, Valor Compartido y Territorio, los cuales pondr\u00e1n el foco en perspectivas de inversi\u00f3n, generaci\u00f3n de conocimiento y desarrollo sostenible.<\/p>\n\n\n\n<p class=\"has-medium-font-size\">Debido al volumen de iniciativas actualmente en desarrollo en la industria, el seminario Proyectos de Inversi\u00f3n en Miner\u00eda y Energ\u00eda se realizar\u00e1 en dos jornadas con el objetivo de entregar una visi\u00f3n detallada de los principales planes en curso. Estas instancias permitir\u00e1n conocer oportunidades para proveedores y establecer v\u00ednculos directos con compa\u00f1\u00edas que liderar\u00e1n el futuro del sector. En ese contexto, participar\u00e1n actores como Escondida | BHP, Antofagasta Minerals, Sierra Gorda SCM, Minera El Abra, Freeport-McMoRan, Glencore, NovaAndino Litio, Albemarle y AES Chile. Al respecto, el CEO de AES Andes, Javier Dib, coment\u00f3 que \u201clas inversiones mineras proyectadas en esta regi\u00f3n en el portafolio de COCHILCO alcanzan los US$ 34 mil millones al 2034. Solo en el \u00faltimo mes se ingresaron al SEA local proyectos mineros de Albemarle, El Abra y BHP Minera Escondida por m\u00e1s de US$ 15.500 millones.Para AES Andes es fundamental compartir c\u00f3mo la transici\u00f3n energ\u00e9tica, en particular con nuestros proyectos en la regi\u00f3n, se est\u00e1 ejecutando en terreno, con soluciones que ya est\u00e1n operando y poder demostrar c\u00f3mo podemos seguir siendo un socio estrat\u00e9gico para apoyar esta gran inversi\u00f3n con energ\u00eda confiable\u201d.<\/p>\n\n\n\n<p class=\"has-medium-font-size\">Por su parte, el seminario Liderazgo Estrat\u00e9gico, Valor Compartido y Territorio, que se llevar\u00e1 a cabo el martes 9 de junio, propondr\u00e1 un espacio de an\u00e1lisis sobre el rol de las organizaciones en el desarrollo de una miner\u00eda que vaya m\u00e1s all\u00e1 de lo econ\u00f3mico. La instancia buscar\u00e1 relevar pr\u00e1cticas que impulsen crecimiento, sostenibilidad e impacto positivo en las comunidades, promoviendo una industria m\u00e1s consciente de su entorno. \u201cLos seminarios de Exponor 2026 representan una instancia fundamental para compartir visiones, conocer hacia d\u00f3nde se dirige la industria y generar v\u00ednculos que impulsen nuevas oportunidades de desarrollo\u201d, se\u00f1al\u00f3 Andrea Moreno, gerente de Exponor. De esta manera, el evento refuerza su papel como plataforma de articulaci\u00f3n estrat\u00e9gica, donde la innovaci\u00f3n, la tecnolog\u00eda y la colaboraci\u00f3n impulsan el desarrollo del sector a nivel nacional e internacional.<\/p>\n","protected":false},"excerpt":{"rendered":"<p>Imagen: EXPONOR 2026. El evento prepara una completa agenda de encuentros estrat\u00e9gicos que abordar\u00e1n inversi\u00f3n, sostenibilidad y liderazgo,<\/p>\n","protected":false},"author":8,"featured_media":18123,"comment_status":"closed","ping_status":"closed","sticky":false,"template":"","format":"standard","meta":{"footnotes":""},"categories":[51,52],"tags":[1420,89],"class_list":["post-18122","post","type-post","status-publish","format-standard","has-post-thumbnail","hentry","category-chile","category-noticias","tag-exponor2026","tag-mineria-4"],"rttpg_featured_image_url":{"full":["https:\/\/prodelcobre.cl\/nueva\/wp-content\/uploads\/2026\/04\/IMG_9307-1-scaled-1.jpg",2560,1187,false],"landscape":["https:\/\/prodelcobre.cl\/nueva\/wp-content\/uploads\/2026\/04\/IMG_9307-1-scaled-1.jpg",2560,1187,false],"portraits":["https:\/\/prodelcobre.cl\/nueva\/wp-content\/uploads\/2026\/04\/IMG_9307-1-scaled-1.jpg",2560,1187,false],"thumbnail":["https:\/\/prodelcobre.cl\/nueva\/wp-content\/uploads\/2026\/04\/IMG_9307-1-scaled-1-150x150.jpg",150,150,true],"medium":["https:\/\/prodelcobre.cl\/nueva\/wp-content\/uploads\/2026\/04\/IMG_9307-1-scaled-1.jpg",2560,1187,false],"large":["https:\/\/prodelcobre.cl\/nueva\/wp-content\/uploads\/2026\/04\/IMG_9307-1-scaled-1.jpg",2560,1187,false],"1536x1536":["https:\/\/prodelcobre.cl\/nueva\/wp-content\/uploads\/2026\/04\/IMG_9307-1-scaled-1-1536x712.jpg",1536,712,true],"2048x2048":["https:\/\/prodelcobre.cl\/nueva\/wp-content\/uploads\/2026\/04\/IMG_9307-1-scaled-1-2048x950.jpg",2048,950,true],"morenews-featured":["https:\/\/prodelcobre.cl\/nueva\/wp-content\/uploads\/2026\/04\/IMG_9307-1-scaled-1-1024x475.jpg",1024,475,true],"morenews-large":["https:\/\/prodelcobre.cl\/nueva\/wp-content\/uploads\/2026\/04\/IMG_9307-1-scaled-1-825x575.jpg",825,575,true],"morenews-medium":["https:\/\/prodelcobre.cl\/nueva\/wp-content\/uploads\/2026\/04\/IMG_9307-1-scaled-1-590x410.jpg",590,410,true],"psacp-medium":["https:\/\/prodelcobre.cl\/nueva\/wp-content\/uploads\/2026\/04\/IMG_9307-1-scaled-1-500x500.jpg",500,500,true]},"rttpg_author":{"display_name":"Tom\u00e1s Contreras","author_link":"https:\/\/prodelcobre.cl\/nueva\/author\/tcontreras\/"},"rttpg_comment":0,"rttpg_category":"<a href=\"https:\/\/prodelcobre.cl\/nueva\/category\/chile\/\" rel=\"category tag\">Chile<\/a> <a href=\"https:\/\/prodelcobre.cl\/nueva\/category\/noticias\/\" rel=\"category tag\">Noticias<\/a>","rttpg_excerpt":"Imagen: EXPONOR 2026. El evento prepara una completa agenda de encuentros estrat\u00e9gicos que abordar\u00e1n inversi\u00f3n, sostenibilidad y liderazgo,","_links":{"self":[{"href":"https:\/\/prodelcobre.cl\/nueva\/wp-json\/wp\/v2\/posts\/18122","targetHints":{"allow":["GET"]}}],"collection":[{"href":"https:\/\/prodelcobre.cl\/nueva\/wp-json\/wp\/v2\/posts"}],"about":[{"href":"https:\/\/prodelcobre.cl\/nueva\/wp-json\/wp\/v2\/types\/post"}],"author":[{"embeddable":true,"href":"https:\/\/prodelcobre.cl\/nueva\/wp-json\/wp\/v2\/users\/8"}],"replies":[{"embeddable":true,"href":"https:\/\/prodelcobre.cl\/nueva\/wp-json\/wp\/v2\/comments?post=18122"}],"version-history":[{"count":1,"href":"https:\/\/prodelcobre.cl\/nueva\/wp-json\/wp\/v2\/posts\/18122\/revisions"}],"predecessor-version":[{"id":18124,"href":"https:\/\/prodelcobre.cl\/nueva\/wp-json\/wp\/v2\/posts\/18122\/revisions\/18124"}],"wp:featuredmedia":[{"embeddable":true,"href":"https:\/\/prodelcobre.cl\/nueva\/wp-json\/wp\/v2\/media\/18123"}],"wp:attachment":[{"href":"https:\/\/prodelcobre.cl\/nueva\/wp-json\/wp\/v2\/media?parent=18122"}],"wp:term":[{"taxonomy":"category","embeddable":true,"href":"https:\/\/prodelcobre.cl\/nueva\/wp-json\/wp\/v2\/categories?post=18122"},{"taxonomy":"post_tag","embeddable":true,"href":"https:\/\/prodelcobre.cl\/nueva\/wp-json\/wp\/v2\/tags?post=18122"}],"curies":[{"name":"wp","href":"https:\/\/api.w.org\/{rel}","templated":true}]}}