{"id":18128,"date":"2026-04-27T11:15:30","date_gmt":"2026-04-27T14:15:30","guid":{"rendered":"https:\/\/prodelcobre.cl\/nueva\/?p=18128"},"modified":"2026-04-27T11:15:32","modified_gmt":"2026-04-27T14:15:32","slug":"exponor-2026-el-epicentro-del-liderazgo-femenino-y-el-talento-humano-en-la-mineria-del-futuro","status":"publish","type":"post","link":"https:\/\/prodelcobre.cl\/nueva\/exponor-2026-el-epicentro-del-liderazgo-femenino-y-el-talento-humano-en-la-mineria-del-futuro\/","title":{"rendered":"EXPONOR 2026: el epicentro del liderazgo femenino y el talento humano en la miner\u00eda del futuro"},"content":{"rendered":"\n<p class=\"has-small-font-size\"><strong>Imagen: gentileza EXPONOR 2026.<\/strong><\/p>\n\n\n\n<p class=\"has-medium-font-size\"><strong>A trav\u00e9s del seminario \u201cDesaf\u00edos en Talento Humano y Liderazgo Femenino en la Miner\u00eda del Siglo XXI\u201d, la exhibici\u00f3n internacional analizar\u00e1 la evoluci\u00f3n del capital humano y las brechas de g\u00e9nero de cara al 2030.<\/strong><\/p>\n\n\n\n<p class=\"has-medium-font-size\">En un periodo de transformaciones estructurales para la industria, EXPONOR 2026 se posiciona como el escenario clave para el debate sobre la inclusi\u00f3n. El encuentro contar\u00e1 con el seminario liderado por la Alianza CCM Eleva, donde se abordar\u00e1 la necesidad de modelos laborales din\u00e1micos y la certificaci\u00f3n de competencias de Chile Valora como eje estrat\u00e9gico para la empleabilidad.<\/p>\n\n\n\n<p class=\"has-medium-font-size\">El evento reunir\u00e1 a l\u00edderes de compa\u00f1\u00edas como Codelco Radomiro Tomic, Zald\u00edvar y Teck, junto a figuras como Gina Ocquetau (SQM) y Natalia Morales (CCM Eleva). Las expertas coinciden en que el liderazgo femenino no solo impulsa la equidad, sino que fortalece la innovaci\u00f3n y la toma de decisiones. Ocquetau destaca que la irrupci\u00f3n de mujeres en alta direcci\u00f3n derriba barreras hist\u00f3ricas, mientras que Morales proyecta un escenario positivo al 2030, con oportunidades en toda la cadena de valor, desde la ingenier\u00eda hasta el montaje.<\/p>\n\n\n\n<p class=\"has-medium-font-size\">El cierre estar\u00e1 marcado por un panel con Carolina Sep\u00falveda (Woman Board Up) y Laura Alvarado (WIM Chile), quienes discutir\u00e1n las barreras estructurales. Sep\u00falveda enfatiza la urgencia de actualizar los sistemas de evaluaci\u00f3n, pasando de m\u00e9tricas tradicionales de &#8220;a\u00f1os de experiencia&#8221; a evaluaciones por capacidades, evitando as\u00ed la desventaja que generan las labores de cuidado.<\/p>\n\n\n\n<p class=\"has-medium-font-size\">Por su parte, Alvarado se\u00f1ala que el desaf\u00edo actual es la sostenibilidad: &#8220;No nos debemos conformar con haber abierto la puerta, debemos redise\u00f1ar la casa&#8221;.<\/p>\n\n\n\n<p class=\"has-medium-font-size\">Andrea Moreno, gerenta de EXPONOR, subray\u00f3 que Chile ya lidera la participaci\u00f3n femenina en la gran miner\u00eda con un 24%, reafirmando el compromiso de la feria con una industria m\u00e1s inclusiva y eficiente.<\/p>\n","protected":false},"excerpt":{"rendered":"<p>Imagen: gentileza EXPONOR 2026. A trav\u00e9s del seminario \u201cDesaf\u00edos en Talento Humano y Liderazgo Femenino en la Miner\u00eda<\/p>\n","protected":false},"author":2,"featured_media":18129,"comment_status":"closed","ping_status":"closed","sticky":false,"template":"","format":"standard","meta":{"footnotes":""},"categories":[51,52],"tags":[1420],"class_list":["post-18128","post","type-post","status-publish","format-standard","has-post-thumbnail","hentry","category-chile","category-noticias","tag-exponor2026"],"rttpg_featured_image_url":{"full":["https:\/\/prodelcobre.cl\/nueva\/wp-content\/uploads\/2026\/04\/web-1-1.jpg",800,450,false],"landscape":["https:\/\/prodelcobre.cl\/nueva\/wp-content\/uploads\/2026\/04\/web-1-1.jpg",800,450,false],"portraits":["https:\/\/prodelcobre.cl\/nueva\/wp-content\/uploads\/2026\/04\/web-1-1.jpg",800,450,false],"thumbnail":["https:\/\/prodelcobre.cl\/nueva\/wp-content\/uploads\/2026\/04\/web-1-1-150x150.jpg",150,150,true],"medium":["https:\/\/prodelcobre.cl\/nueva\/wp-content\/uploads\/2026\/04\/web-1-1.jpg",800,450,false],"large":["https:\/\/prodelcobre.cl\/nueva\/wp-content\/uploads\/2026\/04\/web-1-1.jpg",800,450,false],"1536x1536":["https:\/\/prodelcobre.cl\/nueva\/wp-content\/uploads\/2026\/04\/web-1-1.jpg",800,450,false],"2048x2048":["https:\/\/prodelcobre.cl\/nueva\/wp-content\/uploads\/2026\/04\/web-1-1.jpg",800,450,false],"morenews-featured":["https:\/\/prodelcobre.cl\/nueva\/wp-content\/uploads\/2026\/04\/web-1-1.jpg",800,450,false],"morenews-large":["https:\/\/prodelcobre.cl\/nueva\/wp-content\/uploads\/2026\/04\/web-1-1.jpg",800,450,false],"morenews-medium":["https:\/\/prodelcobre.cl\/nueva\/wp-content\/uploads\/2026\/04\/web-1-1-590x410.jpg",590,410,true],"psacp-medium":["https:\/\/prodelcobre.cl\/nueva\/wp-content\/uploads\/2026\/04\/web-1-1-500x450.jpg",500,450,true]},"rttpg_author":{"display_name":"Jorge Pardo","author_link":"https:\/\/prodelcobre.cl\/nueva\/author\/prensa\/"},"rttpg_comment":0,"rttpg_category":"<a href=\"https:\/\/prodelcobre.cl\/nueva\/category\/chile\/\" rel=\"category tag\">Chile<\/a> <a href=\"https:\/\/prodelcobre.cl\/nueva\/category\/noticias\/\" rel=\"category tag\">Noticias<\/a>","rttpg_excerpt":"Imagen: gentileza EXPONOR 2026. A trav\u00e9s del seminario \u201cDesaf\u00edos en Talento Humano y Liderazgo Femenino en la Miner\u00eda","_links":{"self":[{"href":"https:\/\/prodelcobre.cl\/nueva\/wp-json\/wp\/v2\/posts\/18128","targetHints":{"allow":["GET"]}}],"collection":[{"href":"https:\/\/prodelcobre.cl\/nueva\/wp-json\/wp\/v2\/posts"}],"about":[{"href":"https:\/\/prodelcobre.cl\/nueva\/wp-json\/wp\/v2\/types\/post"}],"author":[{"embeddable":true,"href":"https:\/\/prodelcobre.cl\/nueva\/wp-json\/wp\/v2\/users\/2"}],"replies":[{"embeddable":true,"href":"https:\/\/prodelcobre.cl\/nueva\/wp-json\/wp\/v2\/comments?post=18128"}],"version-history":[{"count":1,"href":"https:\/\/prodelcobre.cl\/nueva\/wp-json\/wp\/v2\/posts\/18128\/revisions"}],"predecessor-version":[{"id":18130,"href":"https:\/\/prodelcobre.cl\/nueva\/wp-json\/wp\/v2\/posts\/18128\/revisions\/18130"}],"wp:featuredmedia":[{"embeddable":true,"href":"https:\/\/prodelcobre.cl\/nueva\/wp-json\/wp\/v2\/media\/18129"}],"wp:attachment":[{"href":"https:\/\/prodelcobre.cl\/nueva\/wp-json\/wp\/v2\/media?parent=18128"}],"wp:term":[{"taxonomy":"category","embeddable":true,"href":"https:\/\/prodelcobre.cl\/nueva\/wp-json\/wp\/v2\/categories?post=18128"},{"taxonomy":"post_tag","embeddable":true,"href":"https:\/\/prodelcobre.cl\/nueva\/wp-json\/wp\/v2\/tags?post=18128"}],"curies":[{"name":"wp","href":"https:\/\/api.w.org\/{rel}","templated":true}]}}