{"id":18131,"date":"2026-04-27T11:31:39","date_gmt":"2026-04-27T14:31:39","guid":{"rendered":"https:\/\/prodelcobre.cl\/nueva\/?p=18131"},"modified":"2026-04-27T11:31:40","modified_gmt":"2026-04-27T14:31:40","slug":"chile-y-brasil-avanzan-en-alianza-tecnica-para-fortalecer-la-seguridad-minera","status":"publish","type":"post","link":"https:\/\/prodelcobre.cl\/nueva\/chile-y-brasil-avanzan-en-alianza-tecnica-para-fortalecer-la-seguridad-minera\/","title":{"rendered":"Chile y Brasil avanzan en alianza t\u00e9cnica para fortalecer la seguridad minera"},"content":{"rendered":"\n<p class=\"has-text-align-right has-small-font-size\"><em>Imagen: Sernageomin.<\/em><\/p>\n\n\n\n<h2 class=\"wp-block-heading has-medium-font-size\">Autoridades de ambos pa\u00edses iniciaron coordinaciones para un acuerdo de cooperaci\u00f3n que busca mejorar est\u00e1ndares de fiscalizaci\u00f3n, intercambio de conocimientos y sostenibilidad en la industria.<\/h2>\n\n\n\n<p class=\"has-medium-font-size\">Con miras a impulsar una colaboraci\u00f3n internacional en el \u00e1mbito minero, representantes del Servicio Nacional de Geolog\u00eda y Miner\u00eda (Sernageomin) sostuvieron un encuentro con autoridades de la Embajada de Brasil en Chile. La reuni\u00f3n fue liderada por el director nacional, Mauricio Lorca, junto a Sergio Villegas, jefe del Departamento de Relaciones Institucionales y Coordinaci\u00f3n, y cont\u00f3 con la participaci\u00f3n de Comarci Nunes Filho, consejero diplom\u00e1tico y responsable del \u00e1rea de Energ\u00eda y Miner\u00eda de la delegaci\u00f3n brasile\u00f1a.<\/p>\n\n\n\n<p class=\"has-medium-font-size\">El objetivo central de la instancia fue avanzar en las gestiones para concretar un Memor\u00e1ndum de Entendimiento (MoU) entre Sernageomin y la Agencia Nacional de Miner\u00eda (ANM) de Brasil. En este contexto, el pa\u00eds vecino expres\u00f3 su inter\u00e9s en conocer en profundidad la experiencia chilena en materias clave para la estabilidad operativa y el desarrollo sostenible del sector extractivo, destacando el valor t\u00e9cnico que ha alcanzado Chile en estas \u00e1reas.<\/p>\n\n\n\n<p class=\"has-medium-font-size\">Durante la jornada se definieron los principales ejes de cooperaci\u00f3n, que consideran el intercambio de conocimientos sobre operaci\u00f3n, estabilidad y est\u00e1ndares de seguridad, as\u00ed como el an\u00e1lisis de los procesos normativos y el fortalecimiento de la fiscalizaci\u00f3n en terreno. \u201cNuestra meta es que el modelo t\u00e9cnico chileno sirva de referencia para los procesos que busca fortalecer la ANM en Brasil, generando una sinergia regional que eleve los est\u00e1ndares de seguridad minera\u201d, destacaron las autoridades durante el encuentro. Como siguiente paso, ambas partes acordaron realizar una nueva sesi\u00f3n de trabajo en la segunda semana de mayo, donde se profundizar\u00e1n los aspectos t\u00e9cnicos y se delinear\u00e1n las bases del futuro acuerdo.<a href=\"https:\/\/www.sernageomin.cl\/wp-content\/uploads\/2026\/04\/brasil-2.png\"><\/a><\/p>\n","protected":false},"excerpt":{"rendered":"<p>Imagen: Sernageomin. Autoridades de ambos pa\u00edses iniciaron coordinaciones para un acuerdo de cooperaci\u00f3n que busca mejorar est\u00e1ndares de<\/p>\n","protected":false},"author":8,"featured_media":18136,"comment_status":"closed","ping_status":"closed","sticky":false,"template":"","format":"standard","meta":{"footnotes":""},"categories":[51,52],"tags":[89,171],"class_list":["post-18131","post","type-post","status-publish","format-standard","has-post-thumbnail","hentry","category-chile","category-noticias","tag-mineria-4","tag-sernageomin"],"rttpg_featured_image_url":{"full":["https:\/\/prodelcobre.cl\/nueva\/wp-content\/uploads\/2026\/04\/brasil.png",1100,618,false],"landscape":["https:\/\/prodelcobre.cl\/nueva\/wp-content\/uploads\/2026\/04\/brasil.png",1100,618,false],"portraits":["https:\/\/prodelcobre.cl\/nueva\/wp-content\/uploads\/2026\/04\/brasil.png",1100,618,false],"thumbnail":["https:\/\/prodelcobre.cl\/nueva\/wp-content\/uploads\/2026\/04\/brasil-150x150.png",150,150,true],"medium":["https:\/\/prodelcobre.cl\/nueva\/wp-content\/uploads\/2026\/04\/brasil.png",1100,618,false],"large":["https:\/\/prodelcobre.cl\/nueva\/wp-content\/uploads\/2026\/04\/brasil.png",1100,618,false],"1536x1536":["https:\/\/prodelcobre.cl\/nueva\/wp-content\/uploads\/2026\/04\/brasil.png",1100,618,false],"2048x2048":["https:\/\/prodelcobre.cl\/nueva\/wp-content\/uploads\/2026\/04\/brasil.png",1100,618,false],"morenews-featured":["https:\/\/prodelcobre.cl\/nueva\/wp-content\/uploads\/2026\/04\/brasil-1024x575.png",1024,575,true],"morenews-large":["https:\/\/prodelcobre.cl\/nueva\/wp-content\/uploads\/2026\/04\/brasil-825x575.png",825,575,true],"morenews-medium":["https:\/\/prodelcobre.cl\/nueva\/wp-content\/uploads\/2026\/04\/brasil-590x410.png",590,410,true],"psacp-medium":["https:\/\/prodelcobre.cl\/nueva\/wp-content\/uploads\/2026\/04\/brasil-500x500.png",500,500,true]},"rttpg_author":{"display_name":"Tom\u00e1s Contreras","author_link":"https:\/\/prodelcobre.cl\/nueva\/author\/tcontreras\/"},"rttpg_comment":0,"rttpg_category":"<a href=\"https:\/\/prodelcobre.cl\/nueva\/category\/chile\/\" rel=\"category tag\">Chile<\/a> <a href=\"https:\/\/prodelcobre.cl\/nueva\/category\/noticias\/\" rel=\"category tag\">Noticias<\/a>","rttpg_excerpt":"Imagen: Sernageomin. Autoridades de ambos pa\u00edses iniciaron coordinaciones para un acuerdo de cooperaci\u00f3n que busca mejorar est\u00e1ndares de","_links":{"self":[{"href":"https:\/\/prodelcobre.cl\/nueva\/wp-json\/wp\/v2\/posts\/18131","targetHints":{"allow":["GET"]}}],"collection":[{"href":"https:\/\/prodelcobre.cl\/nueva\/wp-json\/wp\/v2\/posts"}],"about":[{"href":"https:\/\/prodelcobre.cl\/nueva\/wp-json\/wp\/v2\/types\/post"}],"author":[{"embeddable":true,"href":"https:\/\/prodelcobre.cl\/nueva\/wp-json\/wp\/v2\/users\/8"}],"replies":[{"embeddable":true,"href":"https:\/\/prodelcobre.cl\/nueva\/wp-json\/wp\/v2\/comments?post=18131"}],"version-history":[{"count":1,"href":"https:\/\/prodelcobre.cl\/nueva\/wp-json\/wp\/v2\/posts\/18131\/revisions"}],"predecessor-version":[{"id":18139,"href":"https:\/\/prodelcobre.cl\/nueva\/wp-json\/wp\/v2\/posts\/18131\/revisions\/18139"}],"wp:featuredmedia":[{"embeddable":true,"href":"https:\/\/prodelcobre.cl\/nueva\/wp-json\/wp\/v2\/media\/18136"}],"wp:attachment":[{"href":"https:\/\/prodelcobre.cl\/nueva\/wp-json\/wp\/v2\/media?parent=18131"}],"wp:term":[{"taxonomy":"category","embeddable":true,"href":"https:\/\/prodelcobre.cl\/nueva\/wp-json\/wp\/v2\/categories?post=18131"},{"taxonomy":"post_tag","embeddable":true,"href":"https:\/\/prodelcobre.cl\/nueva\/wp-json\/wp\/v2\/tags?post=18131"}],"curies":[{"name":"wp","href":"https:\/\/api.w.org\/{rel}","templated":true}]}}