{"id":18145,"date":"2026-04-27T15:53:47","date_gmt":"2026-04-27T18:53:47","guid":{"rendered":"https:\/\/prodelcobre.cl\/nueva\/?p=18145"},"modified":"2026-04-27T15:53:48","modified_gmt":"2026-04-27T18:53:48","slug":"corproa-y-terminales-portuarios-de-atacama-impulsan-voceria-unificada-para-fortalecer-el-desarrollo-logistico","status":"publish","type":"post","link":"https:\/\/prodelcobre.cl\/nueva\/corproa-y-terminales-portuarios-de-atacama-impulsan-voceria-unificada-para-fortalecer-el-desarrollo-logistico\/","title":{"rendered":"CORPROA y terminales portuarios de Atacama impulsan vocer\u00eda unificada para fortalecer el desarrollo log\u00edstico"},"content":{"rendered":"\n<p class=\"has-text-align-right has-small-font-size\"><em>Imagen: Corproa.<\/em><\/p>\n\n\n\n<h2 class=\"wp-block-heading has-medium-font-size\">La iniciativa busca consolidar una oferta portuaria integrada, potenciar la competitividad regional y posicionar a Atacama como un nodo exportador de nivel internacional.<\/h2>\n\n\n\n<p class=\"has-medium-font-size\">La Corporaci\u00f3n para el Desarrollo de la Regi\u00f3n de Atacama (CORPROA) dio a conocer el inicio de una estrategia conjunta con terminales portuarios de la regi\u00f3n, tanto aquellos en operaci\u00f3n como los que se encuentran en etapa de proyecto. El objetivo es avanzar hacia una coordinaci\u00f3n efectiva que permita estructurar una oferta portuaria articulada bajo una vocer\u00eda com\u00fan, fortaleciendo as\u00ed el ecosistema log\u00edstico regional.<\/p>\n\n\n\n<p class=\"has-medium-font-size\">Este trabajo colaborativo apunta a reunir a actores vinculados al sector, incluyendo socios y no socios, en torno a una agenda compartida que facilite la representaci\u00f3n ante instancias nacionales e internacionales. A trav\u00e9s de esta articulaci\u00f3n, se espera mejorar la eficiencia de la cadena log\u00edstica y reforzar el posicionamiento de Atacama como un polo exportador competitivo a nivel global.<\/p>\n\n\n\n<p class=\"has-medium-font-size\">\u201cLa articulaci\u00f3n portuaria es un pilar fundamental dentro de una estrategia de unidad regional. As\u00ed como ya estamos trabajando con \u00e9xito en el Cluster Minero de Atacama y la Mesa de Instituciones de Educaci\u00f3n Superior (MIES), hoy los portuarios se suman a estos esfuerzos para consolidar un bloque s\u00f3lido que hable con una sola voz sobre el potencial de nuestra infraestructura\u201d, coment\u00f3 Juan Jos\u00e9 Ronsecco, Presidente de CORPROA.<\/p>\n\n\n\n<p class=\"has-medium-font-size\">Con este acuerdo, la Corporaci\u00f3n reafirma su enfoque en el desarrollo sostenible y la creaci\u00f3n de valor compartido, proyectando a la Regi\u00f3n de Atacama como un territorio preparado para enfrentar las exigencias del comercio internacional y atraer nuevas inversiones que contribuyan al crecimiento y bienestar de la comunidad.<\/p>\n","protected":false},"excerpt":{"rendered":"<p>Imagen: Corproa. La iniciativa busca consolidar una oferta portuaria integrada, potenciar la competitividad regional y posicionar a Atacama<\/p>\n","protected":false},"author":8,"featured_media":18146,"comment_status":"closed","ping_status":"closed","sticky":false,"template":"","format":"standard","meta":{"footnotes":""},"categories":[51,52],"tags":[1423],"class_list":["post-18145","post","type-post","status-publish","format-standard","has-post-thumbnail","hentry","category-chile","category-noticias","tag-corproa"],"rttpg_featured_image_url":{"full":["https:\/\/prodelcobre.cl\/nueva\/wp-content\/uploads\/2026\/04\/El-Industrial-edicion-Diciembre-2025-Enero-2026-53-1.png",2560,1440,false],"landscape":["https:\/\/prodelcobre.cl\/nueva\/wp-content\/uploads\/2026\/04\/El-Industrial-edicion-Diciembre-2025-Enero-2026-53-1.png",2560,1440,false],"portraits":["https:\/\/prodelcobre.cl\/nueva\/wp-content\/uploads\/2026\/04\/El-Industrial-edicion-Diciembre-2025-Enero-2026-53-1.png",2560,1440,false],"thumbnail":["https:\/\/prodelcobre.cl\/nueva\/wp-content\/uploads\/2026\/04\/El-Industrial-edicion-Diciembre-2025-Enero-2026-53-1-150x150.png",150,150,true],"medium":["https:\/\/prodelcobre.cl\/nueva\/wp-content\/uploads\/2026\/04\/El-Industrial-edicion-Diciembre-2025-Enero-2026-53-1.png",2560,1440,false],"large":["https:\/\/prodelcobre.cl\/nueva\/wp-content\/uploads\/2026\/04\/El-Industrial-edicion-Diciembre-2025-Enero-2026-53-1.png",2560,1440,false],"1536x1536":["https:\/\/prodelcobre.cl\/nueva\/wp-content\/uploads\/2026\/04\/El-Industrial-edicion-Diciembre-2025-Enero-2026-53-1-1536x864.png",1536,864,true],"2048x2048":["https:\/\/prodelcobre.cl\/nueva\/wp-content\/uploads\/2026\/04\/El-Industrial-edicion-Diciembre-2025-Enero-2026-53-1-2048x1152.png",2048,1152,true],"morenews-featured":["https:\/\/prodelcobre.cl\/nueva\/wp-content\/uploads\/2026\/04\/El-Industrial-edicion-Diciembre-2025-Enero-2026-53-1-1024x576.png",1024,576,true],"morenews-large":["https:\/\/prodelcobre.cl\/nueva\/wp-content\/uploads\/2026\/04\/El-Industrial-edicion-Diciembre-2025-Enero-2026-53-1-825x575.png",825,575,true],"morenews-medium":["https:\/\/prodelcobre.cl\/nueva\/wp-content\/uploads\/2026\/04\/El-Industrial-edicion-Diciembre-2025-Enero-2026-53-1-590x410.png",590,410,true],"psacp-medium":["https:\/\/prodelcobre.cl\/nueva\/wp-content\/uploads\/2026\/04\/El-Industrial-edicion-Diciembre-2025-Enero-2026-53-1-500x500.png",500,500,true]},"rttpg_author":{"display_name":"Tom\u00e1s Contreras","author_link":"https:\/\/prodelcobre.cl\/nueva\/author\/tcontreras\/"},"rttpg_comment":0,"rttpg_category":"<a href=\"https:\/\/prodelcobre.cl\/nueva\/category\/chile\/\" rel=\"category tag\">Chile<\/a> <a href=\"https:\/\/prodelcobre.cl\/nueva\/category\/noticias\/\" rel=\"category tag\">Noticias<\/a>","rttpg_excerpt":"Imagen: Corproa. La iniciativa busca consolidar una oferta portuaria integrada, potenciar la competitividad regional y posicionar a Atacama","_links":{"self":[{"href":"https:\/\/prodelcobre.cl\/nueva\/wp-json\/wp\/v2\/posts\/18145","targetHints":{"allow":["GET"]}}],"collection":[{"href":"https:\/\/prodelcobre.cl\/nueva\/wp-json\/wp\/v2\/posts"}],"about":[{"href":"https:\/\/prodelcobre.cl\/nueva\/wp-json\/wp\/v2\/types\/post"}],"author":[{"embeddable":true,"href":"https:\/\/prodelcobre.cl\/nueva\/wp-json\/wp\/v2\/users\/8"}],"replies":[{"embeddable":true,"href":"https:\/\/prodelcobre.cl\/nueva\/wp-json\/wp\/v2\/comments?post=18145"}],"version-history":[{"count":1,"href":"https:\/\/prodelcobre.cl\/nueva\/wp-json\/wp\/v2\/posts\/18145\/revisions"}],"predecessor-version":[{"id":18147,"href":"https:\/\/prodelcobre.cl\/nueva\/wp-json\/wp\/v2\/posts\/18145\/revisions\/18147"}],"wp:featuredmedia":[{"embeddable":true,"href":"https:\/\/prodelcobre.cl\/nueva\/wp-json\/wp\/v2\/media\/18146"}],"wp:attachment":[{"href":"https:\/\/prodelcobre.cl\/nueva\/wp-json\/wp\/v2\/media?parent=18145"}],"wp:term":[{"taxonomy":"category","embeddable":true,"href":"https:\/\/prodelcobre.cl\/nueva\/wp-json\/wp\/v2\/categories?post=18145"},{"taxonomy":"post_tag","embeddable":true,"href":"https:\/\/prodelcobre.cl\/nueva\/wp-json\/wp\/v2\/tags?post=18145"}],"curies":[{"name":"wp","href":"https:\/\/api.w.org\/{rel}","templated":true}]}}