{"id":18148,"date":"2026-04-27T17:53:21","date_gmt":"2026-04-27T20:53:21","guid":{"rendered":"https:\/\/prodelcobre.cl\/nueva\/?p=18148"},"modified":"2026-04-27T17:53:21","modified_gmt":"2026-04-27T20:53:21","slug":"mapla-mantemin-2026-el-epicentro-del-mantenimiento-minero-se-cita-en-santiago","status":"publish","type":"post","link":"https:\/\/prodelcobre.cl\/nueva\/mapla-mantemin-2026-el-epicentro-del-mantenimiento-minero-se-cita-en-santiago\/","title":{"rendered":"Mapla-Mantemin 2026: el epicentro del mantenimiento minero se cita en Santiago"},"content":{"rendered":"\n<p class=\"has-small-font-size\"><strong>Foto, gentileza Codelco &#8211; Gecamin.<\/strong><\/p>\n\n\n\n<p class=\"has-medium-font-size\"><strong>Con m\u00e1s de 450 participantes y un enfoque en la gesti\u00f3n de activos y digitalizaci\u00f3n, el congreso internacional inaugura la agenda anual de Gecamin buscando transformar la eficiencia de la industria.<\/strong><\/p>\n\n\n\n<p class=\"has-medium-font-size\">Del 5 al 7 de mayo, el Hotel Sheraton Santiago ser\u00e1 la sede de la 21\u00aa versi\u00f3n de Mapla-Mantemin 2026. Este congreso internacional, que marca el inicio de la agenda de conferencias de Gecamin, reunir\u00e1 a m\u00e1s de 450 profesionales para abordar los avances en confiabilidad y gesti\u00f3n de activos, consolid\u00e1ndose como un puente clave entre la innovaci\u00f3n tecnol\u00f3gica y la continuidad operacional.<\/p>\n\n\n\n<p class=\"has-medium-font-size\">Presidido por Juan Pincheira, gerente de Plantas de Codelco Divisi\u00f3n El Teniente, el evento contar\u00e1 con m\u00e1s de 90 charlas t\u00e9cnicas y 8 plenarias. Entre los expositores destacan l\u00edderes de compa\u00f1\u00edas como BHP, Codelco, NTT DATA y Antapaccay, adem\u00e1s de un conversatorio central sobre los desaf\u00edos del mantenimiento en la era de la digitalizaci\u00f3n, moderado por la Universidad de Chile.<\/p>\n\n\n\n<p class=\"has-medium-font-size\">La tem\u00e1tica de este a\u00f1o abarca desde el Mantenimiento 4.0 (IoT, drones y rob\u00f3tica) hasta la log\u00edstica aut\u00f3noma y el uso de Big Data. &#8220;Proyectamos este espacio como un punto de inflexi\u00f3n para compartir experiencias reales e inspirar soluciones aplicables con impacto econ\u00f3mico y sostenible&#8221;, destac\u00f3 Pincheira. El programa incluye, adem\u00e1s, cuatro cursos t\u00e9cnicos online sobre normativa ISO 55001, electromovilidad y visi\u00f3n artificial, dictados por universidades coorganizadoras de Chile, Per\u00fa y Colombia.<\/p>\n\n\n\n<p class=\"has-medium-font-size\">Para participar en este encuentro estrat\u00e9gico de la miner\u00eda global, los interesados pueden obtener mayor informaci\u00f3n y realizar sus inscripciones directamente en el sitio oficial del evento: <a href=\"https:\/\/gecamin.com\/mapla.mantemin\" target=\"_blank\" rel=\"noreferrer noopener\">https:\/\/gecamin.com\/mapla.mantemin<\/a><\/p>\n\n\n\n<figure class=\"wp-block-image aligncenter size-full is-resized\"><img fetchpriority=\"high\" decoding=\"async\" width=\"1080\" height=\"1700\" src=\"https:\/\/prodelcobre.cl\/nueva\/wp-content\/uploads\/2026\/04\/Programa-Mapla-Mantemin-2026.png\" alt=\"\" class=\"wp-image-18149\" style=\"aspect-ratio:0.6352953801577507;width:507px;height:auto\" srcset=\"https:\/\/prodelcobre.cl\/nueva\/wp-content\/uploads\/2026\/04\/Programa-Mapla-Mantemin-2026.png 1080w, https:\/\/prodelcobre.cl\/nueva\/wp-content\/uploads\/2026\/04\/Programa-Mapla-Mantemin-2026-768x1209.png 768w, https:\/\/prodelcobre.cl\/nueva\/wp-content\/uploads\/2026\/04\/Programa-Mapla-Mantemin-2026-976x1536.png 976w, https:\/\/prodelcobre.cl\/nueva\/wp-content\/uploads\/2026\/04\/Programa-Mapla-Mantemin-2026-1024x1612.png 1024w\" sizes=\"(max-width: 1080px) 100vw, 1080px\" \/><\/figure>\n","protected":false},"excerpt":{"rendered":"<p>Foto, gentileza Codelco &#8211; Gecamin. Con m\u00e1s de 450 participantes y un enfoque en la gesti\u00f3n de activos<\/p>\n","protected":false},"author":2,"featured_media":18150,"comment_status":"closed","ping_status":"closed","sticky":false,"template":"","format":"standard","meta":{"footnotes":""},"categories":[51,52],"tags":[764],"class_list":["post-18148","post","type-post","status-publish","format-standard","has-post-thumbnail","hentry","category-chile","category-noticias","tag-maplamantemin"],"rttpg_featured_image_url":{"full":["https:\/\/prodelcobre.cl\/nueva\/wp-content\/uploads\/2026\/04\/Fotografia-cortesia-de-Codelco-web.jpg",800,533,false],"landscape":["https:\/\/prodelcobre.cl\/nueva\/wp-content\/uploads\/2026\/04\/Fotografia-cortesia-de-Codelco-web.jpg",800,533,false],"portraits":["https:\/\/prodelcobre.cl\/nueva\/wp-content\/uploads\/2026\/04\/Fotografia-cortesia-de-Codelco-web.jpg",800,533,false],"thumbnail":["https:\/\/prodelcobre.cl\/nueva\/wp-content\/uploads\/2026\/04\/Fotografia-cortesia-de-Codelco-web-150x150.jpg",150,150,true],"medium":["https:\/\/prodelcobre.cl\/nueva\/wp-content\/uploads\/2026\/04\/Fotografia-cortesia-de-Codelco-web.jpg",800,533,false],"large":["https:\/\/prodelcobre.cl\/nueva\/wp-content\/uploads\/2026\/04\/Fotografia-cortesia-de-Codelco-web.jpg",800,533,false],"1536x1536":["https:\/\/prodelcobre.cl\/nueva\/wp-content\/uploads\/2026\/04\/Fotografia-cortesia-de-Codelco-web.jpg",800,533,false],"2048x2048":["https:\/\/prodelcobre.cl\/nueva\/wp-content\/uploads\/2026\/04\/Fotografia-cortesia-de-Codelco-web.jpg",800,533,false],"morenews-featured":["https:\/\/prodelcobre.cl\/nueva\/wp-content\/uploads\/2026\/04\/Fotografia-cortesia-de-Codelco-web.jpg",800,533,false],"morenews-large":["https:\/\/prodelcobre.cl\/nueva\/wp-content\/uploads\/2026\/04\/Fotografia-cortesia-de-Codelco-web.jpg",800,533,false],"morenews-medium":["https:\/\/prodelcobre.cl\/nueva\/wp-content\/uploads\/2026\/04\/Fotografia-cortesia-de-Codelco-web-590x410.jpg",590,410,true],"psacp-medium":["https:\/\/prodelcobre.cl\/nueva\/wp-content\/uploads\/2026\/04\/Fotografia-cortesia-de-Codelco-web-500x500.jpg",500,500,true]},"rttpg_author":{"display_name":"Jorge Pardo","author_link":"https:\/\/prodelcobre.cl\/nueva\/author\/prensa\/"},"rttpg_comment":0,"rttpg_category":"<a href=\"https:\/\/prodelcobre.cl\/nueva\/category\/chile\/\" rel=\"category tag\">Chile<\/a> <a href=\"https:\/\/prodelcobre.cl\/nueva\/category\/noticias\/\" rel=\"category tag\">Noticias<\/a>","rttpg_excerpt":"Foto, gentileza Codelco &#8211; Gecamin. Con m\u00e1s de 450 participantes y un enfoque en la gesti\u00f3n de activos","_links":{"self":[{"href":"https:\/\/prodelcobre.cl\/nueva\/wp-json\/wp\/v2\/posts\/18148","targetHints":{"allow":["GET"]}}],"collection":[{"href":"https:\/\/prodelcobre.cl\/nueva\/wp-json\/wp\/v2\/posts"}],"about":[{"href":"https:\/\/prodelcobre.cl\/nueva\/wp-json\/wp\/v2\/types\/post"}],"author":[{"embeddable":true,"href":"https:\/\/prodelcobre.cl\/nueva\/wp-json\/wp\/v2\/users\/2"}],"replies":[{"embeddable":true,"href":"https:\/\/prodelcobre.cl\/nueva\/wp-json\/wp\/v2\/comments?post=18148"}],"version-history":[{"count":1,"href":"https:\/\/prodelcobre.cl\/nueva\/wp-json\/wp\/v2\/posts\/18148\/revisions"}],"predecessor-version":[{"id":18151,"href":"https:\/\/prodelcobre.cl\/nueva\/wp-json\/wp\/v2\/posts\/18148\/revisions\/18151"}],"wp:featuredmedia":[{"embeddable":true,"href":"https:\/\/prodelcobre.cl\/nueva\/wp-json\/wp\/v2\/media\/18150"}],"wp:attachment":[{"href":"https:\/\/prodelcobre.cl\/nueva\/wp-json\/wp\/v2\/media?parent=18148"}],"wp:term":[{"taxonomy":"category","embeddable":true,"href":"https:\/\/prodelcobre.cl\/nueva\/wp-json\/wp\/v2\/categories?post=18148"},{"taxonomy":"post_tag","embeddable":true,"href":"https:\/\/prodelcobre.cl\/nueva\/wp-json\/wp\/v2\/tags?post=18148"}],"curies":[{"name":"wp","href":"https:\/\/api.w.org\/{rel}","templated":true}]}}