{"id":18153,"date":"2026-04-28T11:25:42","date_gmt":"2026-04-28T14:25:42","guid":{"rendered":"https:\/\/prodelcobre.cl\/nueva\/?p=18153"},"modified":"2026-04-28T11:25:43","modified_gmt":"2026-04-28T14:25:43","slug":"division-gabriela-mistral-lidera-en-codelco-con-la-mayor-participacion-femenina-de-su-dotacion","status":"publish","type":"post","link":"https:\/\/prodelcobre.cl\/nueva\/division-gabriela-mistral-lidera-en-codelco-con-la-mayor-participacion-femenina-de-su-dotacion\/","title":{"rendered":"Divisi\u00f3n Gabriela Mistral lidera en Codelco con la mayor participaci\u00f3n femenina de su dotaci\u00f3n"},"content":{"rendered":"\n<p class=\"has-text-align-right has-small-font-size\"><em>Imagen: Codelco.<\/em><\/p>\n\n\n\n<h2 class=\"wp-block-heading has-medium-font-size\">La operaci\u00f3n, ubicada en Sierra Gorda, se posiciona como un referente en inclusi\u00f3n dentro de la miner\u00eda, impulsando equipos diversos que aportan a la seguridad, la gesti\u00f3n de riesgos y el desempe\u00f1o operacional.<\/h2>\n\n\n\n<p class=\"has-medium-font-size\">La Divisi\u00f3n Gabriela Mistral de Codelco se consolida como l\u00edder en participaci\u00f3n femenina dentro de la compa\u00f1\u00eda, alcanzando actualmente un 27% de mujeres en su dotaci\u00f3n, el porcentaje m\u00e1s alto a nivel corporativo. Este avance la posiciona como un ejemplo concreto del impulso a la equidad de g\u00e9nero en la industria minera, en l\u00ednea con los desaf\u00edos de modernizaci\u00f3n del sector.<\/p>\n\n\n\n<p class=\"has-medium-font-size\">Ubicada en Sierra Gorda, la operaci\u00f3n reafirma su posicionamiento como referente en inclusi\u00f3n minera, en coherencia con el objetivo corporativo de elevar la presencia femenina hasta un 35% al a\u00f1o 2027. Este enfoque no solo apunta a reducir brechas, sino tambi\u00e9n a fortalecer la cultura organizacional mediante equipos m\u00e1s diversos y colaborativos.<\/p>\n\n\n\n<p class=\"has-medium-font-size\">Desde sus inicios, DGM ha marcado hitos en esta materia. En 2008 fue pionera en la incorporaci\u00f3n de mujeres en faena y en 2010 alcanz\u00f3 un 20% de participaci\u00f3n femenina, instal\u00e1ndose como referente nacional. Actualmente, la presencia de mujeres se distribuye a lo largo de toda la cadena de valor: el 50% tiene menos de 35 a\u00f1os, un 33% se desempe\u00f1a en cargos profesionales, un 29% en roles directivos y un 20% en funciones operativas, reflejando una integraci\u00f3n transversal en la operaci\u00f3n.<\/p>\n","protected":false},"excerpt":{"rendered":"<p>Imagen: Codelco. La operaci\u00f3n, ubicada en Sierra Gorda, se posiciona como un referente en inclusi\u00f3n dentro de la<\/p>\n","protected":false},"author":8,"featured_media":18154,"comment_status":"closed","ping_status":"closed","sticky":false,"template":"","format":"standard","meta":{"footnotes":""},"categories":[51,52],"tags":[101,1362,89],"class_list":["post-18153","post","type-post","status-publish","format-standard","has-post-thumbnail","hentry","category-chile","category-noticias","tag-codelco","tag-divisiongabrielamistral","tag-mineria-4"],"rttpg_featured_image_url":{"full":["https:\/\/prodelcobre.cl\/nueva\/wp-content\/uploads\/2026\/04\/Catodos_de_DGM-1.jpg",2160,1440,false],"landscape":["https:\/\/prodelcobre.cl\/nueva\/wp-content\/uploads\/2026\/04\/Catodos_de_DGM-1.jpg",2160,1440,false],"portraits":["https:\/\/prodelcobre.cl\/nueva\/wp-content\/uploads\/2026\/04\/Catodos_de_DGM-1.jpg",2160,1440,false],"thumbnail":["https:\/\/prodelcobre.cl\/nueva\/wp-content\/uploads\/2026\/04\/Catodos_de_DGM-1-150x150.jpg",150,150,true],"medium":["https:\/\/prodelcobre.cl\/nueva\/wp-content\/uploads\/2026\/04\/Catodos_de_DGM-1.jpg",2160,1440,false],"large":["https:\/\/prodelcobre.cl\/nueva\/wp-content\/uploads\/2026\/04\/Catodos_de_DGM-1.jpg",2160,1440,false],"1536x1536":["https:\/\/prodelcobre.cl\/nueva\/wp-content\/uploads\/2026\/04\/Catodos_de_DGM-1-1536x1024.jpg",1536,1024,true],"2048x2048":["https:\/\/prodelcobre.cl\/nueva\/wp-content\/uploads\/2026\/04\/Catodos_de_DGM-1-2048x1365.jpg",2048,1365,true],"morenews-featured":["https:\/\/prodelcobre.cl\/nueva\/wp-content\/uploads\/2026\/04\/Catodos_de_DGM-1-1024x683.jpg",1024,683,true],"morenews-large":["https:\/\/prodelcobre.cl\/nueva\/wp-content\/uploads\/2026\/04\/Catodos_de_DGM-1-825x575.jpg",825,575,true],"morenews-medium":["https:\/\/prodelcobre.cl\/nueva\/wp-content\/uploads\/2026\/04\/Catodos_de_DGM-1-590x410.jpg",590,410,true],"psacp-medium":["https:\/\/prodelcobre.cl\/nueva\/wp-content\/uploads\/2026\/04\/Catodos_de_DGM-1-500x500.jpg",500,500,true]},"rttpg_author":{"display_name":"Tom\u00e1s Contreras","author_link":"https:\/\/prodelcobre.cl\/nueva\/author\/tcontreras\/"},"rttpg_comment":0,"rttpg_category":"<a href=\"https:\/\/prodelcobre.cl\/nueva\/category\/chile\/\" rel=\"category tag\">Chile<\/a> <a href=\"https:\/\/prodelcobre.cl\/nueva\/category\/noticias\/\" rel=\"category tag\">Noticias<\/a>","rttpg_excerpt":"Imagen: Codelco. La operaci\u00f3n, ubicada en Sierra Gorda, se posiciona como un referente en inclusi\u00f3n dentro de la","_links":{"self":[{"href":"https:\/\/prodelcobre.cl\/nueva\/wp-json\/wp\/v2\/posts\/18153","targetHints":{"allow":["GET"]}}],"collection":[{"href":"https:\/\/prodelcobre.cl\/nueva\/wp-json\/wp\/v2\/posts"}],"about":[{"href":"https:\/\/prodelcobre.cl\/nueva\/wp-json\/wp\/v2\/types\/post"}],"author":[{"embeddable":true,"href":"https:\/\/prodelcobre.cl\/nueva\/wp-json\/wp\/v2\/users\/8"}],"replies":[{"embeddable":true,"href":"https:\/\/prodelcobre.cl\/nueva\/wp-json\/wp\/v2\/comments?post=18153"}],"version-history":[{"count":1,"href":"https:\/\/prodelcobre.cl\/nueva\/wp-json\/wp\/v2\/posts\/18153\/revisions"}],"predecessor-version":[{"id":18155,"href":"https:\/\/prodelcobre.cl\/nueva\/wp-json\/wp\/v2\/posts\/18153\/revisions\/18155"}],"wp:featuredmedia":[{"embeddable":true,"href":"https:\/\/prodelcobre.cl\/nueva\/wp-json\/wp\/v2\/media\/18154"}],"wp:attachment":[{"href":"https:\/\/prodelcobre.cl\/nueva\/wp-json\/wp\/v2\/media?parent=18153"}],"wp:term":[{"taxonomy":"category","embeddable":true,"href":"https:\/\/prodelcobre.cl\/nueva\/wp-json\/wp\/v2\/categories?post=18153"},{"taxonomy":"post_tag","embeddable":true,"href":"https:\/\/prodelcobre.cl\/nueva\/wp-json\/wp\/v2\/tags?post=18153"}],"curies":[{"name":"wp","href":"https:\/\/api.w.org\/{rel}","templated":true}]}}