{"id":18156,"date":"2026-04-28T12:23:43","date_gmt":"2026-04-28T15:23:43","guid":{"rendered":"https:\/\/prodelcobre.cl\/nueva\/?p=18156"},"modified":"2026-04-28T12:23:44","modified_gmt":"2026-04-28T15:23:44","slug":"enami-impulsa-su-portafolio-minero-ante-inversionistas-en-foro-internacional-realizado-en-mendoza","status":"publish","type":"post","link":"https:\/\/prodelcobre.cl\/nueva\/enami-impulsa-su-portafolio-minero-ante-inversionistas-en-foro-internacional-realizado-en-mendoza\/","title":{"rendered":"ENAMI impulsa su portafolio minero ante inversionistas en foro internacional realizado en Mendoza"},"content":{"rendered":"\n<p class=\"has-text-align-right has-small-font-size\"><em>Imagen: ENAMI.<\/em><\/p>\n\n\n\n<h2 class=\"wp-block-heading has-medium-font-size\">La estatal chilena present\u00f3 sus prospectos de exploraci\u00f3n en el Andean Capital Forum 2026, consolidando v\u00ednculos con actores clave del financiamiento minero.<\/h2>\n\n\n\n<p class=\"has-medium-font-size\">Una delegaci\u00f3n de la Empresa Nacional de Miner\u00eda (ENAMI) particip\u00f3 en el Andean Capital Forum 2026, realizado los d\u00edas 21 y 22 de abril en Mendoza, Argentina, con el objetivo de posicionar su cartera de proyectos ante potenciales inversionistas. La instancia se ha convertido en un espacio relevante para impulsar iniciativas mineras en fase de exploraci\u00f3n dentro del contexto andino.<\/p>\n\n\n\n<p class=\"has-medium-font-size\">Durante el encuentro, representantes de la Gerencia de Desarrollo y Proyectos de la estatal expusieron el rol de fomento que cumple la empresa y detallaron su portafolio de prospectos. La presentaci\u00f3n estuvo orientada a captar el inter\u00e9s de compa\u00f1\u00edas y fondos de inversi\u00f3n interesados en adquirir activos o integrarse a proyectos \u201cgreenfield\u201d, ya sea mediante asociaciones estrat\u00e9gicas o exploraci\u00f3n directa en las propiedades mineras de ENAMI.<\/p>\n\n\n\n<p class=\"has-medium-font-size\">En el marco del foro, la delegaci\u00f3n sostuvo reuniones con referentes del sector financiero internacional, lo que permiti\u00f3 posicionar sus iniciativas como alternativas atractivas dentro del mercado global. Asimismo, se concret\u00f3 un encuentro con autoridades mineras de Mendoza para fortalecer la cooperaci\u00f3n binacional. \u201cEsta participaci\u00f3n en el ACF 2026 ha sido fundamental para que la cartera de prospectos de ENAMI gane visibilidad en el mercado global. La gesti\u00f3n realizada no solo permiti\u00f3 mostrar la solidez t\u00e9cnica de los activos, sino que logr\u00f3 que los proyectos de exploraci\u00f3n de ENAMI sean considerados hoy como alternativas de inversi\u00f3n atractivas para el desarrollo minero futuro. Con estos avances, la Gerencia de Desarrollo y Proyectos reafirma su compromiso de dar valor a la propiedad minera de la empresa mediante la colaboraci\u00f3n y el inter\u00e9s de nuevos actores internacionales\u201d, destac\u00f3 Francisco Encina.<\/p>\n","protected":false},"excerpt":{"rendered":"<p>Imagen: ENAMI. La estatal chilena present\u00f3 sus prospectos de exploraci\u00f3n en el Andean Capital Forum 2026, consolidando v\u00ednculos<\/p>\n","protected":false},"author":8,"featured_media":18157,"comment_status":"closed","ping_status":"closed","sticky":false,"template":"","format":"standard","meta":{"footnotes":""},"categories":[51,52],"tags":[187,89],"class_list":["post-18156","post","type-post","status-publish","format-standard","has-post-thumbnail","hentry","category-chile","category-noticias","tag-enami","tag-mineria-4"],"rttpg_featured_image_url":{"full":["https:\/\/prodelcobre.cl\/nueva\/wp-content\/uploads\/2026\/04\/andean-capital-forum1.jpeg",1600,1200,false],"landscape":["https:\/\/prodelcobre.cl\/nueva\/wp-content\/uploads\/2026\/04\/andean-capital-forum1.jpeg",1600,1200,false],"portraits":["https:\/\/prodelcobre.cl\/nueva\/wp-content\/uploads\/2026\/04\/andean-capital-forum1.jpeg",1600,1200,false],"thumbnail":["https:\/\/prodelcobre.cl\/nueva\/wp-content\/uploads\/2026\/04\/andean-capital-forum1-150x150.jpeg",150,150,true],"medium":["https:\/\/prodelcobre.cl\/nueva\/wp-content\/uploads\/2026\/04\/andean-capital-forum1.jpeg",1600,1200,false],"large":["https:\/\/prodelcobre.cl\/nueva\/wp-content\/uploads\/2026\/04\/andean-capital-forum1.jpeg",1600,1200,false],"1536x1536":["https:\/\/prodelcobre.cl\/nueva\/wp-content\/uploads\/2026\/04\/andean-capital-forum1-1536x1152.jpeg",1536,1152,true],"2048x2048":["https:\/\/prodelcobre.cl\/nueva\/wp-content\/uploads\/2026\/04\/andean-capital-forum1.jpeg",1600,1200,false],"morenews-featured":["https:\/\/prodelcobre.cl\/nueva\/wp-content\/uploads\/2026\/04\/andean-capital-forum1-1024x768.jpeg",1024,768,true],"morenews-large":["https:\/\/prodelcobre.cl\/nueva\/wp-content\/uploads\/2026\/04\/andean-capital-forum1-825x575.jpeg",825,575,true],"morenews-medium":["https:\/\/prodelcobre.cl\/nueva\/wp-content\/uploads\/2026\/04\/andean-capital-forum1-590x410.jpeg",590,410,true],"psacp-medium":["https:\/\/prodelcobre.cl\/nueva\/wp-content\/uploads\/2026\/04\/andean-capital-forum1-500x500.jpeg",500,500,true]},"rttpg_author":{"display_name":"Tom\u00e1s Contreras","author_link":"https:\/\/prodelcobre.cl\/nueva\/author\/tcontreras\/"},"rttpg_comment":0,"rttpg_category":"<a href=\"https:\/\/prodelcobre.cl\/nueva\/category\/chile\/\" rel=\"category tag\">Chile<\/a> <a href=\"https:\/\/prodelcobre.cl\/nueva\/category\/noticias\/\" rel=\"category tag\">Noticias<\/a>","rttpg_excerpt":"Imagen: ENAMI. La estatal chilena present\u00f3 sus prospectos de exploraci\u00f3n en el Andean Capital Forum 2026, consolidando v\u00ednculos","_links":{"self":[{"href":"https:\/\/prodelcobre.cl\/nueva\/wp-json\/wp\/v2\/posts\/18156","targetHints":{"allow":["GET"]}}],"collection":[{"href":"https:\/\/prodelcobre.cl\/nueva\/wp-json\/wp\/v2\/posts"}],"about":[{"href":"https:\/\/prodelcobre.cl\/nueva\/wp-json\/wp\/v2\/types\/post"}],"author":[{"embeddable":true,"href":"https:\/\/prodelcobre.cl\/nueva\/wp-json\/wp\/v2\/users\/8"}],"replies":[{"embeddable":true,"href":"https:\/\/prodelcobre.cl\/nueva\/wp-json\/wp\/v2\/comments?post=18156"}],"version-history":[{"count":1,"href":"https:\/\/prodelcobre.cl\/nueva\/wp-json\/wp\/v2\/posts\/18156\/revisions"}],"predecessor-version":[{"id":18158,"href":"https:\/\/prodelcobre.cl\/nueva\/wp-json\/wp\/v2\/posts\/18156\/revisions\/18158"}],"wp:featuredmedia":[{"embeddable":true,"href":"https:\/\/prodelcobre.cl\/nueva\/wp-json\/wp\/v2\/media\/18157"}],"wp:attachment":[{"href":"https:\/\/prodelcobre.cl\/nueva\/wp-json\/wp\/v2\/media?parent=18156"}],"wp:term":[{"taxonomy":"category","embeddable":true,"href":"https:\/\/prodelcobre.cl\/nueva\/wp-json\/wp\/v2\/categories?post=18156"},{"taxonomy":"post_tag","embeddable":true,"href":"https:\/\/prodelcobre.cl\/nueva\/wp-json\/wp\/v2\/tags?post=18156"}],"curies":[{"name":"wp","href":"https:\/\/api.w.org\/{rel}","templated":true}]}}