{"id":18159,"date":"2026-04-28T13:08:12","date_gmt":"2026-04-28T16:08:12","guid":{"rendered":"https:\/\/prodelcobre.cl\/nueva\/?p=18159"},"modified":"2026-04-28T13:08:13","modified_gmt":"2026-04-28T16:08:13","slug":"mision-internacional-entre-mundos-de-cil-lithium-culmina-recorrido-trinacional-con-visita-al-salar-de-olaroz","status":"publish","type":"post","link":"https:\/\/prodelcobre.cl\/nueva\/mision-internacional-entre-mundos-de-cil-lithium-culmina-recorrido-trinacional-con-visita-al-salar-de-olaroz\/","title":{"rendered":"Misi\u00f3n internacional \u201cEntre Mundos\u201d de CIL Lithium culmina recorrido trinacional con visita al Salar de Olaroz"},"content":{"rendered":"\n<p class=\"has-text-align-right has-small-font-size\"><em>Imagen: CIL Lithium<\/em><\/p>\n\n\n\n<h2 class=\"wp-block-heading has-medium-font-size\">La iniciativa reuni\u00f3 a representantes de la industria, la academia y pueblos originarios para fortalecer la cooperaci\u00f3n en el Tri\u00e1ngulo del Litio, impulsando nuevos est\u00e1ndares de sostenibilidad y desarrollo territorial.<\/h2>\n\n\n\n<p class=\"has-medium-font-size\">Una delegaci\u00f3n internacional encabezada por la C\u00e1mara Internacional del Litio y Energ\u00edas, CIL Lithium, dio continuidad a la III Misi\u00f3n \u201cEntre Mundos\u201d con una visita al Salar de Olaroz, en Argentina, tras haber recorrido previamente los salares de Atacama en Chile y Uyuni en Bolivia. La iniciativa busca consolidar las capacidades conjuntas y proyectar el impacto global del denominado Tri\u00e1ngulo del Litio, conformado por estos tres pa\u00edses andinos. El encuentro se desarroll\u00f3 a m\u00e1s de 3.900 metros de altura e incluy\u00f3 actividades con actores del ecosistema productivo y comunidades locales, finalizando posteriormente en Chile con visitas al Pueblo de Guat\u00edn y al Consejo de Pueblos Atacame\u00f1os.<\/p>\n\n\n\n<p class=\"has-medium-font-size\">Durante la etapa en Argentina, la comitiva sostuvo encuentros con empresas como EXAR e ILiAD Technologies, adem\u00e1s de la comunidad originaria de Olaroz Chico, relevando la importancia de integrar desarrollo productivo con identidad territorial. En este contexto, se presentaron dos iniciativas clave: el Consorcio Trinacional Litio Andino (CTLA), orientado a fortalecer la cooperaci\u00f3n regional, y el Sello Litio Verde (Sello LIFE), enfocado en establecer est\u00e1ndares de sostenibilidad, trazabilidad y respeto socioambiental. Pamela Goicovich, presidenta de CIL Lithium, precis\u00f3: &#8220;Olaroz nos muestra que el litio no es solo un mineral estrat\u00e9gico. Es una oportunidad hist\u00f3rica para redefinir c\u00f3mo nos relacionamos con nuestros territorios. El CTLA y el Sello LIFE representan el compromiso de transformar esta riqueza en desarrollo real, con identidad, responsabilidad y visi\u00f3n de futuro&#8221;.<\/p>\n\n\n\n<p class=\"has-medium-font-size\">El Salar de Olaroz, formado por millones de a\u00f1os de procesos geol\u00f3gicos que concentraron salmueras ricas en litio, potasio y boro, se posiciona hoy como un punto clave en la transici\u00f3n energ\u00e9tica global. En paralelo, se destac\u00f3 el avance de tecnolog\u00edas innovadoras como la extracci\u00f3n directa de litio (DLE), impulsada por ILiAD Technologies. &#8220;El verdadero punto de inflexi\u00f3n en el Tri\u00e1ngulo del Litio no est\u00e1 solo en cu\u00e1nto litio se produce, sino en c\u00f3mo se produce. Tecnolog\u00edas como la extracci\u00f3n directa permiten repensar el equilibrio entre eficiencia industrial y sostenibilidad del recurso, abriendo la puerta a proyectos m\u00e1s viables, responsables y alineados con las exigencias del futuro&#8221;, se\u00f1al\u00f3 Esteban Soto, Director Comercial ILiAD Technologies, socio de CIL Lithium. En la misma l\u00ednea, Olga Aguilar, Directora de Proyectos de CIL Lithium, precis\u00f3: &#8220;Olaroz nos muestra que el litio no es solo un mineral estrat\u00e9gico. Es una oportunidad hist\u00f3rica para redefinir c\u00f3mo nos relacionamos con nuestros territorios y comunidades originarias&#8221;.<\/p>\n","protected":false},"excerpt":{"rendered":"<p>Imagen: CIL Lithium La iniciativa reuni\u00f3 a representantes de la industria, la academia y pueblos originarios para fortalecer<\/p>\n","protected":false},"author":8,"featured_media":18160,"comment_status":"closed","ping_status":"closed","sticky":false,"template":"","format":"standard","meta":{"footnotes":""},"categories":[51,52],"tags":[1460,100,89],"class_list":["post-18159","post","type-post","status-publish","format-standard","has-post-thumbnail","hentry","category-chile","category-noticias","tag-cillithium","tag-litio","tag-mineria-4"],"rttpg_featured_image_url":{"full":["https:\/\/prodelcobre.cl\/nueva\/wp-content\/uploads\/2026\/04\/1-4.jpeg",1600,1016,false],"landscape":["https:\/\/prodelcobre.cl\/nueva\/wp-content\/uploads\/2026\/04\/1-4.jpeg",1600,1016,false],"portraits":["https:\/\/prodelcobre.cl\/nueva\/wp-content\/uploads\/2026\/04\/1-4.jpeg",1600,1016,false],"thumbnail":["https:\/\/prodelcobre.cl\/nueva\/wp-content\/uploads\/2026\/04\/1-4-150x150.jpeg",150,150,true],"medium":["https:\/\/prodelcobre.cl\/nueva\/wp-content\/uploads\/2026\/04\/1-4.jpeg",1600,1016,false],"large":["https:\/\/prodelcobre.cl\/nueva\/wp-content\/uploads\/2026\/04\/1-4.jpeg",1600,1016,false],"1536x1536":["https:\/\/prodelcobre.cl\/nueva\/wp-content\/uploads\/2026\/04\/1-4-1536x975.jpeg",1536,975,true],"2048x2048":["https:\/\/prodelcobre.cl\/nueva\/wp-content\/uploads\/2026\/04\/1-4.jpeg",1600,1016,false],"morenews-featured":["https:\/\/prodelcobre.cl\/nueva\/wp-content\/uploads\/2026\/04\/1-4-1024x650.jpeg",1024,650,true],"morenews-large":["https:\/\/prodelcobre.cl\/nueva\/wp-content\/uploads\/2026\/04\/1-4-825x575.jpeg",825,575,true],"morenews-medium":["https:\/\/prodelcobre.cl\/nueva\/wp-content\/uploads\/2026\/04\/1-4-590x410.jpeg",590,410,true],"psacp-medium":["https:\/\/prodelcobre.cl\/nueva\/wp-content\/uploads\/2026\/04\/1-4-500x500.jpeg",500,500,true]},"rttpg_author":{"display_name":"Tom\u00e1s Contreras","author_link":"https:\/\/prodelcobre.cl\/nueva\/author\/tcontreras\/"},"rttpg_comment":0,"rttpg_category":"<a href=\"https:\/\/prodelcobre.cl\/nueva\/category\/chile\/\" rel=\"category tag\">Chile<\/a> <a href=\"https:\/\/prodelcobre.cl\/nueva\/category\/noticias\/\" rel=\"category tag\">Noticias<\/a>","rttpg_excerpt":"Imagen: CIL Lithium La iniciativa reuni\u00f3 a representantes de la industria, la academia y pueblos originarios para fortalecer","_links":{"self":[{"href":"https:\/\/prodelcobre.cl\/nueva\/wp-json\/wp\/v2\/posts\/18159","targetHints":{"allow":["GET"]}}],"collection":[{"href":"https:\/\/prodelcobre.cl\/nueva\/wp-json\/wp\/v2\/posts"}],"about":[{"href":"https:\/\/prodelcobre.cl\/nueva\/wp-json\/wp\/v2\/types\/post"}],"author":[{"embeddable":true,"href":"https:\/\/prodelcobre.cl\/nueva\/wp-json\/wp\/v2\/users\/8"}],"replies":[{"embeddable":true,"href":"https:\/\/prodelcobre.cl\/nueva\/wp-json\/wp\/v2\/comments?post=18159"}],"version-history":[{"count":1,"href":"https:\/\/prodelcobre.cl\/nueva\/wp-json\/wp\/v2\/posts\/18159\/revisions"}],"predecessor-version":[{"id":18161,"href":"https:\/\/prodelcobre.cl\/nueva\/wp-json\/wp\/v2\/posts\/18159\/revisions\/18161"}],"wp:featuredmedia":[{"embeddable":true,"href":"https:\/\/prodelcobre.cl\/nueva\/wp-json\/wp\/v2\/media\/18160"}],"wp:attachment":[{"href":"https:\/\/prodelcobre.cl\/nueva\/wp-json\/wp\/v2\/media?parent=18159"}],"wp:term":[{"taxonomy":"category","embeddable":true,"href":"https:\/\/prodelcobre.cl\/nueva\/wp-json\/wp\/v2\/categories?post=18159"},{"taxonomy":"post_tag","embeddable":true,"href":"https:\/\/prodelcobre.cl\/nueva\/wp-json\/wp\/v2\/tags?post=18159"}],"curies":[{"name":"wp","href":"https:\/\/api.w.org\/{rel}","templated":true}]}}