{"id":18166,"date":"2026-04-29T11:26:49","date_gmt":"2026-04-29T14:26:49","guid":{"rendered":"https:\/\/prodelcobre.cl\/nueva\/?p=18166"},"modified":"2026-04-29T11:26:50","modified_gmt":"2026-04-29T14:26:50","slug":"brasil-impulsa-su-rol-como-proveedor-global-de-minerales-criticos-en-hannover-messe","status":"publish","type":"post","link":"https:\/\/prodelcobre.cl\/nueva\/brasil-impulsa-su-rol-como-proveedor-global-de-minerales-criticos-en-hannover-messe\/","title":{"rendered":"Brasil impulsa su rol como proveedor global de minerales cr\u00edticos en Hannover Messe"},"content":{"rendered":"\n<p class=\"has-black-color has-text-color has-link-color has-small-font-size wp-elements-dbf4db034f78423500fd079028edda53\">IMAGEN: IBRAM<\/p>\n\n\n\n<h2 class=\"wp-block-heading has-black-color has-text-color has-link-color has-medium-font-size wp-elements-da3847874bd905dee98a811d37af082f\">IBRAM destac\u00f3 el potencial del pa\u00eds para liderar la transici\u00f3n energ\u00e9tica, apoyado en su riqueza geol\u00f3gica y una matriz energ\u00e9tica mayoritariamente renovable.<\/h2>\n\n\n\n<p class=\"has-black-color has-text-color has-link-color has-medium-font-size wp-elements-ee8791a4399dd1af7a72e6efea4de314\">En la Hannover Messe 2026, el Instituto Brasile\u00f1o de Miner\u00eda reforz\u00f3 la posici\u00f3n de Brasil como actor estrat\u00e9gico en el mercado global de minerales cr\u00edticos. Durante su participaci\u00f3n, la directora de Asuntos Mineros, Aline Nunes, destac\u00f3 que el pa\u00eds cuenta con ventajas competitivas clave, como su riqueza geol\u00f3gica y una matriz energ\u00e9tica con m\u00e1s del 90% de generaci\u00f3n renovable, lo que permite proyectar una producci\u00f3n con menor huella de carbono.<\/p>\n\n\n\n<p class=\"has-black-color has-text-color has-link-color has-medium-font-size wp-elements-83dc197f4bd5c9370d38637e51b1117c\">La representante tambi\u00e9n present\u00f3 los ejes de transformaci\u00f3n del sector minero brasile\u00f1o, enfocados en est\u00e1ndares ESG, innovaci\u00f3n y articulaci\u00f3n con pol\u00edticas p\u00fablicas. Entre las iniciativas mencionadas destacan el Plan Nacional de Miner\u00eda 2025-2050 y programas orientados a fortalecer el desarrollo de minerales estrat\u00e9gicos, en l\u00ednea con la creciente demanda global por insumos clave para la transici\u00f3n energ\u00e9tica.<\/p>\n","protected":false},"excerpt":{"rendered":"<p>IMAGEN: IBRAM IBRAM destac\u00f3 el potencial del pa\u00eds para liderar la transici\u00f3n energ\u00e9tica, apoyado en su riqueza geol\u00f3gica<\/p>\n","protected":false},"author":6,"featured_media":18168,"comment_status":"closed","ping_status":"closed","sticky":false,"template":"","format":"standard","meta":{"footnotes":""},"categories":[57,52],"tags":[706,1509],"class_list":["post-18166","post","type-post","status-publish","format-standard","has-post-thumbnail","hentry","category-internacional","category-noticias","tag-brasil","tag-ibram"],"rttpg_featured_image_url":{"full":["https:\/\/prodelcobre.cl\/nueva\/wp-content\/uploads\/2026\/04\/CORTESIA-IBRAM.jpeg",1536,1152,false],"landscape":["https:\/\/prodelcobre.cl\/nueva\/wp-content\/uploads\/2026\/04\/CORTESIA-IBRAM.jpeg",1536,1152,false],"portraits":["https:\/\/prodelcobre.cl\/nueva\/wp-content\/uploads\/2026\/04\/CORTESIA-IBRAM.jpeg",1536,1152,false],"thumbnail":["https:\/\/prodelcobre.cl\/nueva\/wp-content\/uploads\/2026\/04\/CORTESIA-IBRAM-150x150.jpeg",150,150,true],"medium":["https:\/\/prodelcobre.cl\/nueva\/wp-content\/uploads\/2026\/04\/CORTESIA-IBRAM.jpeg",1536,1152,false],"large":["https:\/\/prodelcobre.cl\/nueva\/wp-content\/uploads\/2026\/04\/CORTESIA-IBRAM.jpeg",1536,1152,false],"1536x1536":["https:\/\/prodelcobre.cl\/nueva\/wp-content\/uploads\/2026\/04\/CORTESIA-IBRAM.jpeg",1536,1152,false],"2048x2048":["https:\/\/prodelcobre.cl\/nueva\/wp-content\/uploads\/2026\/04\/CORTESIA-IBRAM.jpeg",1536,1152,false],"morenews-featured":["https:\/\/prodelcobre.cl\/nueva\/wp-content\/uploads\/2026\/04\/CORTESIA-IBRAM-1024x768.jpeg",1024,768,true],"morenews-large":["https:\/\/prodelcobre.cl\/nueva\/wp-content\/uploads\/2026\/04\/CORTESIA-IBRAM-825x575.jpeg",825,575,true],"morenews-medium":["https:\/\/prodelcobre.cl\/nueva\/wp-content\/uploads\/2026\/04\/CORTESIA-IBRAM-590x410.jpeg",590,410,true],"psacp-medium":["https:\/\/prodelcobre.cl\/nueva\/wp-content\/uploads\/2026\/04\/CORTESIA-IBRAM-500x500.jpeg",500,500,true]},"rttpg_author":{"display_name":"Benjam\u00edn Morales","author_link":"https:\/\/prodelcobre.cl\/nueva\/author\/prensa2\/"},"rttpg_comment":0,"rttpg_category":"<a href=\"https:\/\/prodelcobre.cl\/nueva\/category\/internacional\/\" rel=\"category tag\">Internacional<\/a> <a href=\"https:\/\/prodelcobre.cl\/nueva\/category\/noticias\/\" rel=\"category tag\">Noticias<\/a>","rttpg_excerpt":"IMAGEN: IBRAM IBRAM destac\u00f3 el potencial del pa\u00eds para liderar la transici\u00f3n energ\u00e9tica, apoyado en su riqueza geol\u00f3gica","_links":{"self":[{"href":"https:\/\/prodelcobre.cl\/nueva\/wp-json\/wp\/v2\/posts\/18166","targetHints":{"allow":["GET"]}}],"collection":[{"href":"https:\/\/prodelcobre.cl\/nueva\/wp-json\/wp\/v2\/posts"}],"about":[{"href":"https:\/\/prodelcobre.cl\/nueva\/wp-json\/wp\/v2\/types\/post"}],"author":[{"embeddable":true,"href":"https:\/\/prodelcobre.cl\/nueva\/wp-json\/wp\/v2\/users\/6"}],"replies":[{"embeddable":true,"href":"https:\/\/prodelcobre.cl\/nueva\/wp-json\/wp\/v2\/comments?post=18166"}],"version-history":[{"count":1,"href":"https:\/\/prodelcobre.cl\/nueva\/wp-json\/wp\/v2\/posts\/18166\/revisions"}],"predecessor-version":[{"id":18169,"href":"https:\/\/prodelcobre.cl\/nueva\/wp-json\/wp\/v2\/posts\/18166\/revisions\/18169"}],"wp:featuredmedia":[{"embeddable":true,"href":"https:\/\/prodelcobre.cl\/nueva\/wp-json\/wp\/v2\/media\/18168"}],"wp:attachment":[{"href":"https:\/\/prodelcobre.cl\/nueva\/wp-json\/wp\/v2\/media?parent=18166"}],"wp:term":[{"taxonomy":"category","embeddable":true,"href":"https:\/\/prodelcobre.cl\/nueva\/wp-json\/wp\/v2\/categories?post=18166"},{"taxonomy":"post_tag","embeddable":true,"href":"https:\/\/prodelcobre.cl\/nueva\/wp-json\/wp\/v2\/tags?post=18166"}],"curies":[{"name":"wp","href":"https:\/\/api.w.org\/{rel}","templated":true}]}}