{"id":18172,"date":"2026-04-29T12:01:37","date_gmt":"2026-04-29T15:01:37","guid":{"rendered":"https:\/\/prodelcobre.cl\/nueva\/?p=18172"},"modified":"2026-04-29T12:01:38","modified_gmt":"2026-04-29T15:01:38","slug":"novandino-litio-obtiene-luz-verde-ambiental-para-reducir-extraccion-en-el-salar-de-atacama","status":"publish","type":"post","link":"https:\/\/prodelcobre.cl\/nueva\/novandino-litio-obtiene-luz-verde-ambiental-para-reducir-extraccion-en-el-salar-de-atacama\/","title":{"rendered":"Novandino Litio obtiene luz verde ambiental para reducir extracci\u00f3n en el Salar de Atacama"},"content":{"rendered":"\n<p class=\"has-text-align-right has-small-font-size\"><em>Imagen referencial.<\/em><\/p>\n\n\n\n<h2 class=\"wp-block-heading has-medium-font-size\">La iniciativa aprobada de forma un\u00e1nime considera una disminuci\u00f3n gradual en la extracci\u00f3n de salmuera y agua, junto con mayores exigencias de monitoreo ambiental, sin cambios en la operaci\u00f3n ni en la infraestructura.<\/h2>\n\n\n\n<p class=\"has-medium-font-size\">La Comisi\u00f3n de Evaluaci\u00f3n Ambiental de la Regi\u00f3n de Antofagasta dio su aprobaci\u00f3n al Estudio de Impacto Ambiental del \u201cPlan de Reducci\u00f3n de Extracciones en el Salar de Atacama\u201d, impulsado por Novandino Litio, sociedad integrada por Codelco y SQM. La resoluci\u00f3n permite avanzar en una estrategia orientada a disminuir el uso de recursos h\u00eddricos en la cuenca, manteniendo las condiciones operativas vigentes.<\/p>\n\n\n\n<p class=\"has-medium-font-size\">El proyecto contempla una baja progresiva en la extracci\u00f3n de salmuera, que llegar\u00e1 a un m\u00e1ximo de 822 litros por segundo hacia 2028, equivalente a cerca del 50% de lo actualmente autorizado. Este nivel se sostendr\u00e1 durante toda la vida \u00fatil de la faena. Asimismo, se establece una reducci\u00f3n similar en la captaci\u00f3n total de agua respecto de los l\u00edmites fijados en 2006, incluyendo un tope de 120 litros por segundo para los pozos ubicados en el sector oriental del salar.<\/p>\n\n\n\n<p class=\"has-medium-font-size\">Desde la compa\u00f1\u00eda indicaron que esta actualizaci\u00f3n busca adecuar la operaci\u00f3n a est\u00e1ndares ambientales m\u00e1s estrictos y fortalecer la relaci\u00f3n con las comunidades del entorno. En esa l\u00ednea, la iniciativa se proyecta como parte de una visi\u00f3n de largo plazo que apunta a una producci\u00f3n sostenible, vinculada al desarrollo futuro del negocio del litio en el salar.<\/p>\n\n\n\n<p class=\"has-medium-font-size\">El plan tambi\u00e9n incorpora mejoras en los sistemas de seguimiento ambiental, con ajustes tanto en variables hidrogeol\u00f3gicas como en componentes biol\u00f3gicos. Esto incluye nuevos indicadores, mayor frecuencia en las mediciones y mecanismos m\u00e1s robustos de an\u00e1lisis y reporte de informaci\u00f3n, adem\u00e1s de la modernizaci\u00f3n de los sistemas de alerta temprana.<\/p>\n\n\n\n<p class=\"has-medium-font-size\">Estas acciones permitir\u00e1n un control m\u00e1s exhaustivo de zonas sensibles dentro del Salar de Atacama, como Soncor, Aguas de Quelana y Peine, as\u00ed como de la vegetaci\u00f3n presente en su borde oriental. De manera complementaria, se implementar\u00e1n medidas espec\u00edficas en la quebrada Camar, mediante iniciativas de reforestaci\u00f3n y monitoreo del algarrobo, en l\u00ednea con los compromisos ambientales asumidos por la empresa.<\/p>\n","protected":false},"excerpt":{"rendered":"<p>Imagen referencial. La iniciativa aprobada de forma un\u00e1nime considera una disminuci\u00f3n gradual en la extracci\u00f3n de salmuera y<\/p>\n","protected":false},"author":8,"featured_media":18173,"comment_status":"closed","ping_status":"closed","sticky":false,"template":"","format":"standard","meta":{"footnotes":""},"categories":[51,52],"tags":[100,89,1510],"class_list":["post-18172","post","type-post","status-publish","format-standard","has-post-thumbnail","hentry","category-chile","category-noticias","tag-litio","tag-mineria-4","tag-novandinolitio"],"rttpg_featured_image_url":{"full":["https:\/\/prodelcobre.cl\/nueva\/wp-content\/uploads\/2026\/04\/El-Industrial-edicion-Diciembre-2025-Enero-2026-54.png",2560,1440,false],"landscape":["https:\/\/prodelcobre.cl\/nueva\/wp-content\/uploads\/2026\/04\/El-Industrial-edicion-Diciembre-2025-Enero-2026-54.png",2560,1440,false],"portraits":["https:\/\/prodelcobre.cl\/nueva\/wp-content\/uploads\/2026\/04\/El-Industrial-edicion-Diciembre-2025-Enero-2026-54.png",2560,1440,false],"thumbnail":["https:\/\/prodelcobre.cl\/nueva\/wp-content\/uploads\/2026\/04\/El-Industrial-edicion-Diciembre-2025-Enero-2026-54-150x150.png",150,150,true],"medium":["https:\/\/prodelcobre.cl\/nueva\/wp-content\/uploads\/2026\/04\/El-Industrial-edicion-Diciembre-2025-Enero-2026-54.png",2560,1440,false],"large":["https:\/\/prodelcobre.cl\/nueva\/wp-content\/uploads\/2026\/04\/El-Industrial-edicion-Diciembre-2025-Enero-2026-54.png",2560,1440,false],"1536x1536":["https:\/\/prodelcobre.cl\/nueva\/wp-content\/uploads\/2026\/04\/El-Industrial-edicion-Diciembre-2025-Enero-2026-54-1536x864.png",1536,864,true],"2048x2048":["https:\/\/prodelcobre.cl\/nueva\/wp-content\/uploads\/2026\/04\/El-Industrial-edicion-Diciembre-2025-Enero-2026-54-2048x1152.png",2048,1152,true],"morenews-featured":["https:\/\/prodelcobre.cl\/nueva\/wp-content\/uploads\/2026\/04\/El-Industrial-edicion-Diciembre-2025-Enero-2026-54-1024x576.png",1024,576,true],"morenews-large":["https:\/\/prodelcobre.cl\/nueva\/wp-content\/uploads\/2026\/04\/El-Industrial-edicion-Diciembre-2025-Enero-2026-54-825x575.png",825,575,true],"morenews-medium":["https:\/\/prodelcobre.cl\/nueva\/wp-content\/uploads\/2026\/04\/El-Industrial-edicion-Diciembre-2025-Enero-2026-54-590x410.png",590,410,true],"psacp-medium":["https:\/\/prodelcobre.cl\/nueva\/wp-content\/uploads\/2026\/04\/El-Industrial-edicion-Diciembre-2025-Enero-2026-54-500x500.png",500,500,true]},"rttpg_author":{"display_name":"Tom\u00e1s Contreras","author_link":"https:\/\/prodelcobre.cl\/nueva\/author\/tcontreras\/"},"rttpg_comment":0,"rttpg_category":"<a href=\"https:\/\/prodelcobre.cl\/nueva\/category\/chile\/\" rel=\"category tag\">Chile<\/a> <a href=\"https:\/\/prodelcobre.cl\/nueva\/category\/noticias\/\" rel=\"category tag\">Noticias<\/a>","rttpg_excerpt":"Imagen referencial. La iniciativa aprobada de forma un\u00e1nime considera una disminuci\u00f3n gradual en la extracci\u00f3n de salmuera y","_links":{"self":[{"href":"https:\/\/prodelcobre.cl\/nueva\/wp-json\/wp\/v2\/posts\/18172","targetHints":{"allow":["GET"]}}],"collection":[{"href":"https:\/\/prodelcobre.cl\/nueva\/wp-json\/wp\/v2\/posts"}],"about":[{"href":"https:\/\/prodelcobre.cl\/nueva\/wp-json\/wp\/v2\/types\/post"}],"author":[{"embeddable":true,"href":"https:\/\/prodelcobre.cl\/nueva\/wp-json\/wp\/v2\/users\/8"}],"replies":[{"embeddable":true,"href":"https:\/\/prodelcobre.cl\/nueva\/wp-json\/wp\/v2\/comments?post=18172"}],"version-history":[{"count":1,"href":"https:\/\/prodelcobre.cl\/nueva\/wp-json\/wp\/v2\/posts\/18172\/revisions"}],"predecessor-version":[{"id":18174,"href":"https:\/\/prodelcobre.cl\/nueva\/wp-json\/wp\/v2\/posts\/18172\/revisions\/18174"}],"wp:featuredmedia":[{"embeddable":true,"href":"https:\/\/prodelcobre.cl\/nueva\/wp-json\/wp\/v2\/media\/18173"}],"wp:attachment":[{"href":"https:\/\/prodelcobre.cl\/nueva\/wp-json\/wp\/v2\/media?parent=18172"}],"wp:term":[{"taxonomy":"category","embeddable":true,"href":"https:\/\/prodelcobre.cl\/nueva\/wp-json\/wp\/v2\/categories?post=18172"},{"taxonomy":"post_tag","embeddable":true,"href":"https:\/\/prodelcobre.cl\/nueva\/wp-json\/wp\/v2\/tags?post=18172"}],"curies":[{"name":"wp","href":"https:\/\/api.w.org\/{rel}","templated":true}]}}