{"id":18175,"date":"2026-04-29T13:46:44","date_gmt":"2026-04-29T16:46:44","guid":{"rendered":"https:\/\/prodelcobre.cl\/nueva\/?p=18175"},"modified":"2026-04-29T13:46:45","modified_gmt":"2026-04-29T16:46:45","slug":"proyecto-electrico-para-faena-en-el-salar-de-atacama-inicia-evaluacion-ambiental","status":"publish","type":"post","link":"https:\/\/prodelcobre.cl\/nueva\/proyecto-electrico-para-faena-en-el-salar-de-atacama-inicia-evaluacion-ambiental\/","title":{"rendered":"Proyecto el\u00e9ctrico para faena en el Salar de Atacama inicia evaluaci\u00f3n ambiental"},"content":{"rendered":"\n<p class=\"has-text-align-right has-small-font-size\"><em>Imagen referencial.<\/em><\/p>\n\n\n\n<h2 class=\"wp-block-heading has-medium-font-size\">La iniciativa, impulsada por Nova Andino Litio SpA, busca asegurar la continuidad del suministro energ\u00e9tico en operaciones ubicadas en la Regi\u00f3n de Antofagasta.<\/h2>\n\n\n\n<p class=\"has-medium-font-size\">La Direcci\u00f3n Regional del Servicio de Evaluaci\u00f3n Ambiental (SEA) en Antofagasta admiti\u00f3 a tr\u00e1mite la Declaraci\u00f3n de Impacto Ambiental del proyecto denominado \u201cImplementaci\u00f3n de Infraestructura para soporte de suministro el\u00e9ctrico en Salar de Atacama\u201d. La propuesta, presentada por Nova Andino Litio SpA, marca el inicio de su proceso de evaluaci\u00f3n ambiental.<\/p>\n\n\n\n<p class=\"has-medium-font-size\">Con una inversi\u00f3n estimada en US$85 millones, el plan contempla la construcci\u00f3n y operaci\u00f3n de infraestructura clave en la comuna de San Pedro de Atacama. Entre las principales obras se incluyen una subestaci\u00f3n seccionadora de 220 kV, una subestaci\u00f3n transformadora de 220\/23 kV y una l\u00ednea de transmisi\u00f3n el\u00e9ctrica de alta tensi\u00f3n que conectar\u00e1 ambos puntos, adem\u00e1s de caminos de acceso asociados.<\/p>\n\n\n\n<p class=\"has-medium-font-size\">El objetivo de estas instalaciones es fortalecer la seguridad y confiabilidad del suministro el\u00e9ctrico en la faena del Salar de Atacama, permitiendo enfrentar eventuales interrupciones del sistema. De este modo, se busca reducir riesgos operacionales y asegurar la continuidad de las operaciones mediante un sistema energ\u00e9tico m\u00e1s robusto.<\/p>\n","protected":false},"excerpt":{"rendered":"<p>Imagen referencial. La iniciativa, impulsada por Nova Andino Litio SpA, busca asegurar la continuidad del suministro energ\u00e9tico en<\/p>\n","protected":false},"author":8,"featured_media":18176,"comment_status":"closed","ping_status":"closed","sticky":false,"template":"","format":"standard","meta":{"footnotes":""},"categories":[51,52],"tags":[100,89,1510,449],"class_list":["post-18175","post","type-post","status-publish","format-standard","has-post-thumbnail","hentry","category-chile","category-noticias","tag-litio","tag-mineria-4","tag-novandinolitio","tag-sea"],"rttpg_featured_image_url":{"full":["https:\/\/prodelcobre.cl\/nueva\/wp-content\/uploads\/2026\/04\/Salar_Maricunga_Atacama-scaled.jpg",2560,1702,false],"landscape":["https:\/\/prodelcobre.cl\/nueva\/wp-content\/uploads\/2026\/04\/Salar_Maricunga_Atacama-scaled.jpg",2560,1702,false],"portraits":["https:\/\/prodelcobre.cl\/nueva\/wp-content\/uploads\/2026\/04\/Salar_Maricunga_Atacama-scaled.jpg",2560,1702,false],"thumbnail":["https:\/\/prodelcobre.cl\/nueva\/wp-content\/uploads\/2026\/04\/Salar_Maricunga_Atacama-150x150.jpg",150,150,true],"medium":["https:\/\/prodelcobre.cl\/nueva\/wp-content\/uploads\/2026\/04\/Salar_Maricunga_Atacama-scaled.jpg",2560,1702,false],"large":["https:\/\/prodelcobre.cl\/nueva\/wp-content\/uploads\/2026\/04\/Salar_Maricunga_Atacama-scaled.jpg",2560,1702,false],"1536x1536":["https:\/\/prodelcobre.cl\/nueva\/wp-content\/uploads\/2026\/04\/Salar_Maricunga_Atacama-1536x1021.jpg",1536,1021,true],"2048x2048":["https:\/\/prodelcobre.cl\/nueva\/wp-content\/uploads\/2026\/04\/Salar_Maricunga_Atacama-2048x1362.jpg",2048,1362,true],"morenews-featured":["https:\/\/prodelcobre.cl\/nueva\/wp-content\/uploads\/2026\/04\/Salar_Maricunga_Atacama-1024x681.jpg",1024,681,true],"morenews-large":["https:\/\/prodelcobre.cl\/nueva\/wp-content\/uploads\/2026\/04\/Salar_Maricunga_Atacama-825x575.jpg",825,575,true],"morenews-medium":["https:\/\/prodelcobre.cl\/nueva\/wp-content\/uploads\/2026\/04\/Salar_Maricunga_Atacama-590x410.jpg",590,410,true],"psacp-medium":["https:\/\/prodelcobre.cl\/nueva\/wp-content\/uploads\/2026\/04\/Salar_Maricunga_Atacama-500x500.jpg",500,500,true]},"rttpg_author":{"display_name":"Tom\u00e1s Contreras","author_link":"https:\/\/prodelcobre.cl\/nueva\/author\/tcontreras\/"},"rttpg_comment":0,"rttpg_category":"<a href=\"https:\/\/prodelcobre.cl\/nueva\/category\/chile\/\" rel=\"category tag\">Chile<\/a> <a href=\"https:\/\/prodelcobre.cl\/nueva\/category\/noticias\/\" rel=\"category tag\">Noticias<\/a>","rttpg_excerpt":"Imagen referencial. La iniciativa, impulsada por Nova Andino Litio SpA, busca asegurar la continuidad del suministro energ\u00e9tico en","_links":{"self":[{"href":"https:\/\/prodelcobre.cl\/nueva\/wp-json\/wp\/v2\/posts\/18175","targetHints":{"allow":["GET"]}}],"collection":[{"href":"https:\/\/prodelcobre.cl\/nueva\/wp-json\/wp\/v2\/posts"}],"about":[{"href":"https:\/\/prodelcobre.cl\/nueva\/wp-json\/wp\/v2\/types\/post"}],"author":[{"embeddable":true,"href":"https:\/\/prodelcobre.cl\/nueva\/wp-json\/wp\/v2\/users\/8"}],"replies":[{"embeddable":true,"href":"https:\/\/prodelcobre.cl\/nueva\/wp-json\/wp\/v2\/comments?post=18175"}],"version-history":[{"count":1,"href":"https:\/\/prodelcobre.cl\/nueva\/wp-json\/wp\/v2\/posts\/18175\/revisions"}],"predecessor-version":[{"id":18177,"href":"https:\/\/prodelcobre.cl\/nueva\/wp-json\/wp\/v2\/posts\/18175\/revisions\/18177"}],"wp:featuredmedia":[{"embeddable":true,"href":"https:\/\/prodelcobre.cl\/nueva\/wp-json\/wp\/v2\/media\/18176"}],"wp:attachment":[{"href":"https:\/\/prodelcobre.cl\/nueva\/wp-json\/wp\/v2\/media?parent=18175"}],"wp:term":[{"taxonomy":"category","embeddable":true,"href":"https:\/\/prodelcobre.cl\/nueva\/wp-json\/wp\/v2\/categories?post=18175"},{"taxonomy":"post_tag","embeddable":true,"href":"https:\/\/prodelcobre.cl\/nueva\/wp-json\/wp\/v2\/tags?post=18175"}],"curies":[{"name":"wp","href":"https:\/\/api.w.org\/{rel}","templated":true}]}}