{"id":18178,"date":"2026-04-30T12:02:35","date_gmt":"2026-04-30T15:02:35","guid":{"rendered":"https:\/\/prodelcobre.cl\/nueva\/?p=18178"},"modified":"2026-04-30T12:02:35","modified_gmt":"2026-04-30T15:02:35","slug":"codelco-andina-completa-incorporacion-de-moderna-flota-con-18-nuevos-camiones-de-alto-tonelaje","status":"publish","type":"post","link":"https:\/\/prodelcobre.cl\/nueva\/codelco-andina-completa-incorporacion-de-moderna-flota-con-18-nuevos-camiones-de-alto-tonelaje\/","title":{"rendered":"Codelco Andina completa incorporaci\u00f3n de moderna flota con 18 nuevos camiones de alto tonelaje"},"content":{"rendered":"\n<p class=\"has-text-align-right has-small-font-size\"><em>Imagen referencial.<\/em><\/p>\n\n\n\n<h2 class=\"wp-block-heading has-medium-font-size\">La Divisi\u00f3n sum\u00f3 equipos CAEX CAT 798AC para fortalecer el transporte de material en Mina Rajo, mejorar la productividad y asegurar la continuidad operacional de la faena.<\/h2>\n\n\n\n<p class=\"has-medium-font-size\">Codelco Andina finaliz\u00f3 la incorporaci\u00f3n de una nueva flota de camiones de extracci\u00f3n de alto tonelaje tras la llegada del \u00faltimo equipo a la Plataforma 3700 de la Mina Rajo. Con esta etapa concluida, la operaci\u00f3n cuenta ahora con 18 nuevos equipos CAEX CAT 798AC, alcanzando un total de 57 camiones en funcionamiento dentro de la Divisi\u00f3n.<\/p>\n\n\n\n<p class=\"has-medium-font-size\">Los nuevos veh\u00edculos, dise\u00f1ados para transportar hasta 400 toneladas por ciclo, forman parte de una estrategia enfocada en elevar la eficiencia operacional y responder a las exigencias productivas de la faena minera. Desde la Divisi\u00f3n destacaron que esta renovaci\u00f3n permitir\u00e1 optimizar el movimiento de material y fortalecer la continuidad de las operaciones en el yacimiento.<\/p>\n\n\n\n<p class=\"has-medium-font-size\">La nueva flota tambi\u00e9n representa una mejora significativa en productividad, ya que incrementa en 80 toneladas la capacidad de carga por ciclo respecto de los equipos anteriores. Los camiones fueron trasladados desde Estados Unidos en distintas partes, ingresando al pa\u00eds a trav\u00e9s de los puertos de San Antonio y Coquimbo, para luego ser transportados por tierra hasta Andina, donde se efectu\u00f3 el ensamblaje final bajo estrictos protocolos de seguridad antes de su puesta en operaci\u00f3n en Mina Rajo.<\/p>\n","protected":false},"excerpt":{"rendered":"<p>Imagen referencial. La Divisi\u00f3n sum\u00f3 equipos CAEX CAT 798AC para fortalecer el transporte de material en Mina Rajo,<\/p>\n","protected":false},"author":8,"featured_media":18179,"comment_status":"closed","ping_status":"closed","sticky":false,"template":"","format":"standard","meta":{"footnotes":""},"categories":[51,52],"tags":[101,89],"class_list":["post-18178","post","type-post","status-publish","format-standard","has-post-thumbnail","hentry","category-chile","category-noticias","tag-codelco","tag-mineria-4"],"rttpg_featured_image_url":{"full":["https:\/\/prodelcobre.cl\/nueva\/wp-content\/uploads\/2026\/04\/El-Industrial-edicion-Diciembre-2025-Enero-2026-55.png",2560,1440,false],"landscape":["https:\/\/prodelcobre.cl\/nueva\/wp-content\/uploads\/2026\/04\/El-Industrial-edicion-Diciembre-2025-Enero-2026-55.png",2560,1440,false],"portraits":["https:\/\/prodelcobre.cl\/nueva\/wp-content\/uploads\/2026\/04\/El-Industrial-edicion-Diciembre-2025-Enero-2026-55.png",2560,1440,false],"thumbnail":["https:\/\/prodelcobre.cl\/nueva\/wp-content\/uploads\/2026\/04\/El-Industrial-edicion-Diciembre-2025-Enero-2026-55-150x150.png",150,150,true],"medium":["https:\/\/prodelcobre.cl\/nueva\/wp-content\/uploads\/2026\/04\/El-Industrial-edicion-Diciembre-2025-Enero-2026-55.png",2560,1440,false],"large":["https:\/\/prodelcobre.cl\/nueva\/wp-content\/uploads\/2026\/04\/El-Industrial-edicion-Diciembre-2025-Enero-2026-55.png",2560,1440,false],"1536x1536":["https:\/\/prodelcobre.cl\/nueva\/wp-content\/uploads\/2026\/04\/El-Industrial-edicion-Diciembre-2025-Enero-2026-55-1536x864.png",1536,864,true],"2048x2048":["https:\/\/prodelcobre.cl\/nueva\/wp-content\/uploads\/2026\/04\/El-Industrial-edicion-Diciembre-2025-Enero-2026-55-2048x1152.png",2048,1152,true],"morenews-featured":["https:\/\/prodelcobre.cl\/nueva\/wp-content\/uploads\/2026\/04\/El-Industrial-edicion-Diciembre-2025-Enero-2026-55-1024x576.png",1024,576,true],"morenews-large":["https:\/\/prodelcobre.cl\/nueva\/wp-content\/uploads\/2026\/04\/El-Industrial-edicion-Diciembre-2025-Enero-2026-55-825x575.png",825,575,true],"morenews-medium":["https:\/\/prodelcobre.cl\/nueva\/wp-content\/uploads\/2026\/04\/El-Industrial-edicion-Diciembre-2025-Enero-2026-55-590x410.png",590,410,true],"psacp-medium":["https:\/\/prodelcobre.cl\/nueva\/wp-content\/uploads\/2026\/04\/El-Industrial-edicion-Diciembre-2025-Enero-2026-55-500x500.png",500,500,true]},"rttpg_author":{"display_name":"Tom\u00e1s Contreras","author_link":"https:\/\/prodelcobre.cl\/nueva\/author\/tcontreras\/"},"rttpg_comment":0,"rttpg_category":"<a href=\"https:\/\/prodelcobre.cl\/nueva\/category\/chile\/\" rel=\"category tag\">Chile<\/a> <a href=\"https:\/\/prodelcobre.cl\/nueva\/category\/noticias\/\" rel=\"category tag\">Noticias<\/a>","rttpg_excerpt":"Imagen referencial. La Divisi\u00f3n sum\u00f3 equipos CAEX CAT 798AC para fortalecer el transporte de material en Mina Rajo,","_links":{"self":[{"href":"https:\/\/prodelcobre.cl\/nueva\/wp-json\/wp\/v2\/posts\/18178","targetHints":{"allow":["GET"]}}],"collection":[{"href":"https:\/\/prodelcobre.cl\/nueva\/wp-json\/wp\/v2\/posts"}],"about":[{"href":"https:\/\/prodelcobre.cl\/nueva\/wp-json\/wp\/v2\/types\/post"}],"author":[{"embeddable":true,"href":"https:\/\/prodelcobre.cl\/nueva\/wp-json\/wp\/v2\/users\/8"}],"replies":[{"embeddable":true,"href":"https:\/\/prodelcobre.cl\/nueva\/wp-json\/wp\/v2\/comments?post=18178"}],"version-history":[{"count":1,"href":"https:\/\/prodelcobre.cl\/nueva\/wp-json\/wp\/v2\/posts\/18178\/revisions"}],"predecessor-version":[{"id":18180,"href":"https:\/\/prodelcobre.cl\/nueva\/wp-json\/wp\/v2\/posts\/18178\/revisions\/18180"}],"wp:featuredmedia":[{"embeddable":true,"href":"https:\/\/prodelcobre.cl\/nueva\/wp-json\/wp\/v2\/media\/18179"}],"wp:attachment":[{"href":"https:\/\/prodelcobre.cl\/nueva\/wp-json\/wp\/v2\/media?parent=18178"}],"wp:term":[{"taxonomy":"category","embeddable":true,"href":"https:\/\/prodelcobre.cl\/nueva\/wp-json\/wp\/v2\/categories?post=18178"},{"taxonomy":"post_tag","embeddable":true,"href":"https:\/\/prodelcobre.cl\/nueva\/wp-json\/wp\/v2\/tags?post=18178"}],"curies":[{"name":"wp","href":"https:\/\/api.w.org\/{rel}","templated":true}]}}