{"id":19549,"date":"2026-08-31T12:09:26","date_gmt":"2026-08-31T16:09:26","guid":{"rendered":"https:\/\/prodelcobre.cl\/nueva\/?p=19549"},"modified":"2026-08-31T12:09:26","modified_gmt":"2026-08-31T16:09:26","slug":"cumbre-de-sonami-reunio-a-la-industria-minera-y-puso-el-foco-en-inversion-y-competitividad","status":"publish","type":"post","link":"https:\/\/prodelcobre.cl\/nueva\/cumbre-de-sonami-reunio-a-la-industria-minera-y-puso-el-foco-en-inversion-y-competitividad\/","title":{"rendered":"Cumbre de SONAMI reuni\u00f3 a la industria minera y puso el foco en inversi\u00f3n y competitividad"},"content":{"rendered":"\n<p class=\"has-medium-font-size wp-block-paragraph\">La Cumbre de la Miner\u00eda SONAMI 2026 reuni\u00f3 el jueves 27 de agosto a autoridades, ejecutivos, expertos y representantes de la peque\u00f1a, mediana y gran miner\u00eda para abordar los principales desaf\u00edos y oportunidades que enfrenta el sector.<\/p>\n\n\n\n<p class=\"has-medium-font-size wp-block-paragraph\">El encuentro, realizado en el Metropolitan Santiago, convoc\u00f3 a representantes del ecosistema minero nacional e invitados internacionales, con una agenda centrada en materias como inversi\u00f3n, minerales cr\u00edticos, infraestructura, innovaci\u00f3n, financiamiento y desarrollo de nuevas oportunidades para la miner\u00eda chilena. La propia SONAMI destac\u00f3 posteriormente la participaci\u00f3n de autoridades gubernamentales, ministros de Am\u00e9rica y representantes de la industria.<\/p>\n\n\n\n<p class=\"has-medium-font-size wp-block-paragraph\">Uno de los principales ejes de la jornada fue la necesidad de aprovechar el escenario favorable para el cobre y otros minerales estrat\u00e9gicos mediante nuevas inversiones y una mayor capacidad para desarrollar proyectos. En distintos paneles tambi\u00e9n se abordaron las oportunidades que enfrenta Am\u00e9rica Latina ante el crecimiento de la demanda mundial por minerales cr\u00edticos.<\/p>\n\n\n\n<p class=\"has-medium-font-size wp-block-paragraph\">La cumbre se desarroll\u00f3 en un momento en que Chile busca acelerar el desarrollo de nuevos proyectos mineros y fortalecer su posici\u00f3n como proveedor estrat\u00e9gico de cobre y litio. En este contexto, el encuentro permiti\u00f3 reunir en un mismo espacio a los distintos actores de la industria para discutir las condiciones necesarias para impulsar el crecimiento del sector.<\/p>\n","protected":false},"excerpt":{"rendered":"<p>La Cumbre de la Miner\u00eda SONAMI 2026 reuni\u00f3 el jueves 27 de agosto a autoridades, ejecutivos, expertos y<\/p>\n","protected":false},"author":3,"featured_media":19318,"comment_status":"closed","ping_status":"closed","sticky":false,"template":"","format":"standard","meta":{"footnotes":""},"categories":[51,52],"tags":[89],"class_list":["post-19549","post","type-post","status-publish","format-standard","has-post-thumbnail","hentry","category-chile","category-noticias","tag-mineria-4"],"rttpg_featured_image_url":{"full":["https:\/\/prodelcobre.cl\/nueva\/wp-content\/uploads\/2026\/08\/IMAGEN-SONAMI.jpg",1024,734,false],"landscape":["https:\/\/prodelcobre.cl\/nueva\/wp-content\/uploads\/2026\/08\/IMAGEN-SONAMI.jpg",1024,734,false],"portraits":["https:\/\/prodelcobre.cl\/nueva\/wp-content\/uploads\/2026\/08\/IMAGEN-SONAMI.jpg",1024,734,false],"thumbnail":["https:\/\/prodelcobre.cl\/nueva\/wp-content\/uploads\/2026\/08\/IMAGEN-SONAMI-150x150.jpg",150,150,true],"medium":["https:\/\/prodelcobre.cl\/nueva\/wp-content\/uploads\/2026\/08\/IMAGEN-SONAMI.jpg",1024,734,false],"large":["https:\/\/prodelcobre.cl\/nueva\/wp-content\/uploads\/2026\/08\/IMAGEN-SONAMI.jpg",1024,734,false],"1536x1536":["https:\/\/prodelcobre.cl\/nueva\/wp-content\/uploads\/2026\/08\/IMAGEN-SONAMI.jpg",1024,734,false],"2048x2048":["https:\/\/prodelcobre.cl\/nueva\/wp-content\/uploads\/2026\/08\/IMAGEN-SONAMI.jpg",1024,734,false],"morenews-featured":["https:\/\/prodelcobre.cl\/nueva\/wp-content\/uploads\/2026\/08\/IMAGEN-SONAMI.jpg",1024,734,false],"morenews-large":["https:\/\/prodelcobre.cl\/nueva\/wp-content\/uploads\/2026\/08\/IMAGEN-SONAMI-825x575.jpg",825,575,true],"morenews-medium":["https:\/\/prodelcobre.cl\/nueva\/wp-content\/uploads\/2026\/08\/IMAGEN-SONAMI-590x410.jpg",590,410,true],"psacp-medium":["https:\/\/prodelcobre.cl\/nueva\/wp-content\/uploads\/2026\/08\/IMAGEN-SONAMI-500x500.jpg",500,500,true]},"rttpg_author":{"display_name":"Francisco P\u00e9rez Alvi\u00e1rez","author_link":"https:\/\/prodelcobre.cl\/nueva\/author\/fperez\/"},"rttpg_comment":0,"rttpg_category":"<a href=\"https:\/\/prodelcobre.cl\/nueva\/category\/chile\/\" rel=\"category tag\">Chile<\/a> <a href=\"https:\/\/prodelcobre.cl\/nueva\/category\/noticias\/\" rel=\"category tag\">Noticias<\/a>","rttpg_excerpt":"La Cumbre de la Miner\u00eda SONAMI 2026 reuni\u00f3 el jueves 27 de agosto a autoridades, ejecutivos, expertos y","_links":{"self":[{"href":"https:\/\/prodelcobre.cl\/nueva\/wp-json\/wp\/v2\/posts\/19549","targetHints":{"allow":["GET"]}}],"collection":[{"href":"https:\/\/prodelcobre.cl\/nueva\/wp-json\/wp\/v2\/posts"}],"about":[{"href":"https:\/\/prodelcobre.cl\/nueva\/wp-json\/wp\/v2\/types\/post"}],"author":[{"embeddable":true,"href":"https:\/\/prodelcobre.cl\/nueva\/wp-json\/wp\/v2\/users\/3"}],"replies":[{"embeddable":true,"href":"https:\/\/prodelcobre.cl\/nueva\/wp-json\/wp\/v2\/comments?post=19549"}],"version-history":[{"count":1,"href":"https:\/\/prodelcobre.cl\/nueva\/wp-json\/wp\/v2\/posts\/19549\/revisions"}],"predecessor-version":[{"id":19555,"href":"https:\/\/prodelcobre.cl\/nueva\/wp-json\/wp\/v2\/posts\/19549\/revisions\/19555"}],"wp:featuredmedia":[{"embeddable":true,"href":"https:\/\/prodelcobre.cl\/nueva\/wp-json\/wp\/v2\/media\/19318"}],"wp:attachment":[{"href":"https:\/\/prodelcobre.cl\/nueva\/wp-json\/wp\/v2\/media?parent=19549"}],"wp:term":[{"taxonomy":"category","embeddable":true,"href":"https:\/\/prodelcobre.cl\/nueva\/wp-json\/wp\/v2\/categories?post=19549"},{"taxonomy":"post_tag","embeddable":true,"href":"https:\/\/prodelcobre.cl\/nueva\/wp-json\/wp\/v2\/tags?post=19549"}],"curies":[{"name":"wp","href":"https:\/\/api.w.org\/{rel}","templated":true}]}}