{"id":19551,"date":"2026-08-31T10:51:25","date_gmt":"2026-08-31T14:51:25","guid":{"rendered":"https:\/\/prodelcobre.cl\/nueva\/?p=19551"},"modified":"2026-08-31T11:12:20","modified_gmt":"2026-08-31T15:12:20","slug":"en-julio-el-indice-de-produccion-industrial-anota-negativo-con-51-interanual","status":"publish","type":"post","link":"https:\/\/prodelcobre.cl\/nueva\/en-julio-el-indice-de-produccion-industrial-anota-negativo-con-51-interanual\/","title":{"rendered":"En julio el \u00cdndice de Producci\u00f3n Industrial anota negativo con -5,1% interanual"},"content":{"rendered":"\n<p class=\"has-small-font-size wp-block-paragraph\">Imagen referencial.<\/p>\n\n\n\n<p class=\"has-medium-font-size wp-block-paragraph\"><strong>Dos de los tres sectores que componen el \u00edndice, Miner\u00eda y Producci\u00f3n Manufactura, presentaron incidencias negativas en el per\u00edodo. <strong>Miner\u00eda anota una disminuci\u00f3n de 7,2% interanual, sin embargo, litio creci\u00f3 15,9%.<\/strong><\/strong><\/p>\n\n\n\n<p class=\"has-medium-font-size wp-block-paragraph\">Instituto Nacional de Estad\u00edsticas (INE) public\u00f3 hoy los datos del \u00cdndice de Producci\u00f3n Industrial (IPI), con una variaci\u00f3n en doce meses de -5,1% marcado en julio de 2026.<\/p>\n\n\n\n<p class=\"has-medium-font-size wp-block-paragraph\">Lo anterior es debido a la incidencia negativa de dos de los tres sectores que lo componen, seg\u00fan inform\u00f3 esta ma\u00f1ana el INE.<\/p>\n\n\n\n<p class=\"has-medium-font-size wp-block-paragraph\"><strong>Detalle miner\u00eda<\/strong><\/p>\n\n\n\n<p class=\"has-medium-font-size wp-block-paragraph\">En el periodo de an\u00e1lisis, el IPMin present\u00f3 una disminuci\u00f3n interanual de 7,2%, como consecuencia de la menor actividad registrada en la miner\u00eda met\u00e1lica que decreci\u00f3 10,7%, restando 9,301 pp. a la variaci\u00f3n del \u00edndice, a ra\u00edz de un descenso en la extracci\u00f3n y procesamiento de cobre. Esto \u00faltimo por condiciones clim\u00e1ticas desfavorables en la zona norte del pa\u00eds, que dificultaron el normal proceso productivo. Asimismo, durante el periodo se registraron mantenciones en importantes faenas del sector.<\/p>\n\n\n\n<p class=\"has-medium-font-size wp-block-paragraph\"><strong>Litio la excepci\u00f3n<\/strong><\/p>\n\n\n\n<p class=\"has-medium-font-size wp-block-paragraph\">Por el contrario, miner\u00eda no met\u00e1lica aument\u00f3 15,9 % en comparaci\u00f3n con el mismo mes del a\u00f1o anterior, incidiendo 2,047 pp. en la variaci\u00f3n del \u00edndice, debido a un alza en la producci\u00f3n de carbonato de litio.<\/p>\n\n\n\n<p class=\"has-medium-font-size wp-block-paragraph\"><strong>Los otros dos \u00edndices: Manufactura y Electricidad, Gas y Agua<\/strong><\/p>\n\n\n\n<p class=\"has-medium-font-size wp-block-paragraph\">En tanto, el \u00cdndice de Producci\u00f3n Manufacturera (IPMan), present\u00f3 un descenso de 4,9% en doce meses, explicado, en gran medida, por la baja interanual de 25,9% en fabricaci\u00f3n de coque y productos de la refinaci\u00f3n del petr\u00f3leo, que incidi\u00f3 -1,003 pp. en la variaci\u00f3n del \u00edndice general.<\/p>\n\n\n\n<p class=\"has-medium-font-size wp-block-paragraph\">Finalmente, el \u00cdndice de Producci\u00f3n de Electricidad, Gas y Agua (IPEGA) creci\u00f3 0,3% respecto de julio de 2025, debido a la mayor actividad registrada en dos de las tres actividades que lo componen, entre las que destac\u00f3 electricidad, que se increment\u00f3 0,8%, incidiendo 0,635 pp. en la variaci\u00f3n del \u00edndice, a ra\u00edz de una mayor generaci\u00f3n el\u00e9ctrica, especialmente proveniente de centrales hidr\u00e1ulicas.<\/p>\n","protected":false},"excerpt":{"rendered":"<p>Imagen referencial. Dos de los tres sectores que componen el \u00edndice, Miner\u00eda y Producci\u00f3n Manufactura, presentaron incidencias negativas<\/p>\n","protected":false},"author":2,"featured_media":19552,"comment_status":"closed","ping_status":"closed","sticky":false,"template":"","format":"standard","meta":{"footnotes":""},"categories":[51,52],"tags":[183,1672,89],"class_list":["post-19551","post","type-post","status-publish","format-standard","has-post-thumbnail","hentry","category-chile","category-noticias","tag-ine","tag-ipi","tag-mineria-4"],"rttpg_featured_image_url":{"full":["https:\/\/prodelcobre.cl\/nueva\/wp-content\/uploads\/2026\/08\/wal_172619-cranes-7921948_640.jpg",640,423,false],"landscape":["https:\/\/prodelcobre.cl\/nueva\/wp-content\/uploads\/2026\/08\/wal_172619-cranes-7921948_640.jpg",640,423,false],"portraits":["https:\/\/prodelcobre.cl\/nueva\/wp-content\/uploads\/2026\/08\/wal_172619-cranes-7921948_640.jpg",640,423,false],"thumbnail":["https:\/\/prodelcobre.cl\/nueva\/wp-content\/uploads\/2026\/08\/wal_172619-cranes-7921948_640-150x150.jpg",150,150,true],"medium":["https:\/\/prodelcobre.cl\/nueva\/wp-content\/uploads\/2026\/08\/wal_172619-cranes-7921948_640.jpg",640,423,false],"large":["https:\/\/prodelcobre.cl\/nueva\/wp-content\/uploads\/2026\/08\/wal_172619-cranes-7921948_640.jpg",640,423,false],"1536x1536":["https:\/\/prodelcobre.cl\/nueva\/wp-content\/uploads\/2026\/08\/wal_172619-cranes-7921948_640.jpg",640,423,false],"2048x2048":["https:\/\/prodelcobre.cl\/nueva\/wp-content\/uploads\/2026\/08\/wal_172619-cranes-7921948_640.jpg",640,423,false],"morenews-featured":["https:\/\/prodelcobre.cl\/nueva\/wp-content\/uploads\/2026\/08\/wal_172619-cranes-7921948_640.jpg",640,423,false],"morenews-large":["https:\/\/prodelcobre.cl\/nueva\/wp-content\/uploads\/2026\/08\/wal_172619-cranes-7921948_640.jpg",640,423,false],"morenews-medium":["https:\/\/prodelcobre.cl\/nueva\/wp-content\/uploads\/2026\/08\/wal_172619-cranes-7921948_640-590x410.jpg",590,410,true],"psacp-medium":["https:\/\/prodelcobre.cl\/nueva\/wp-content\/uploads\/2026\/08\/wal_172619-cranes-7921948_640-500x423.jpg",500,423,true]},"rttpg_author":{"display_name":"Jorge Pardo","author_link":"https:\/\/prodelcobre.cl\/nueva\/author\/prensa\/"},"rttpg_comment":0,"rttpg_category":"<a href=\"https:\/\/prodelcobre.cl\/nueva\/category\/chile\/\" rel=\"category tag\">Chile<\/a> <a href=\"https:\/\/prodelcobre.cl\/nueva\/category\/noticias\/\" rel=\"category tag\">Noticias<\/a>","rttpg_excerpt":"Imagen referencial. Dos de los tres sectores que componen el \u00edndice, Miner\u00eda y Producci\u00f3n Manufactura, presentaron incidencias negativas","_links":{"self":[{"href":"https:\/\/prodelcobre.cl\/nueva\/wp-json\/wp\/v2\/posts\/19551","targetHints":{"allow":["GET"]}}],"collection":[{"href":"https:\/\/prodelcobre.cl\/nueva\/wp-json\/wp\/v2\/posts"}],"about":[{"href":"https:\/\/prodelcobre.cl\/nueva\/wp-json\/wp\/v2\/types\/post"}],"author":[{"embeddable":true,"href":"https:\/\/prodelcobre.cl\/nueva\/wp-json\/wp\/v2\/users\/2"}],"replies":[{"embeddable":true,"href":"https:\/\/prodelcobre.cl\/nueva\/wp-json\/wp\/v2\/comments?post=19551"}],"version-history":[{"count":2,"href":"https:\/\/prodelcobre.cl\/nueva\/wp-json\/wp\/v2\/posts\/19551\/revisions"}],"predecessor-version":[{"id":19554,"href":"https:\/\/prodelcobre.cl\/nueva\/wp-json\/wp\/v2\/posts\/19551\/revisions\/19554"}],"wp:featuredmedia":[{"embeddable":true,"href":"https:\/\/prodelcobre.cl\/nueva\/wp-json\/wp\/v2\/media\/19552"}],"wp:attachment":[{"href":"https:\/\/prodelcobre.cl\/nueva\/wp-json\/wp\/v2\/media?parent=19551"}],"wp:term":[{"taxonomy":"category","embeddable":true,"href":"https:\/\/prodelcobre.cl\/nueva\/wp-json\/wp\/v2\/categories?post=19551"},{"taxonomy":"post_tag","embeddable":true,"href":"https:\/\/prodelcobre.cl\/nueva\/wp-json\/wp\/v2\/tags?post=19551"}],"curies":[{"name":"wp","href":"https:\/\/api.w.org\/{rel}","templated":true}]}}