{"id":19558,"date":"2026-09-01T10:21:48","date_gmt":"2026-09-01T14:21:48","guid":{"rendered":"https:\/\/prodelcobre.cl\/nueva\/?p=19558"},"modified":"2026-09-01T10:21:48","modified_gmt":"2026-09-01T14:21:48","slug":"imacec-de-julio-disminuyo-en-15-menor-desempeno-de-mineria-servicios-y-manufactura-explican-la-caida","status":"publish","type":"post","link":"https:\/\/prodelcobre.cl\/nueva\/imacec-de-julio-disminuyo-en-15-menor-desempeno-de-mineria-servicios-y-manufactura-explican-la-caida\/","title":{"rendered":"Imacec de julio disminuy\u00f3 en 1,5%: menor desempe\u00f1o de miner\u00eda, servicios y manufactura explican la ca\u00edda"},"content":{"rendered":"\n<p class=\"has-small-font-size wp-block-paragraph\">Imagen referencial.<\/p>\n\n\n\n<p class=\"has-medium-font-size wp-block-paragraph\"><strong>El Banco Central public\u00f3 el \u00cdndice de la Actividad Econ\u00f3mica, Imacec de julio, el que disminuy\u00f3 un 1,5 % en comparaci\u00f3n con el mismo mes del a\u00f1o anterior. La serie ajustada estacionalmente disminuy\u00f3 un 1,7 % con respecto al mes anterior y un 2,1 % interanual. El mes tuvo el mismo n\u00famero de d\u00edas laborables que julio de 2025.<\/strong><\/p>\n\n\n\n<p class=\"has-medium-font-size wp-block-paragraph\">Los principales contribuyentes a la disminuci\u00f3n del Imacec fueron la miner\u00eda, seguida de los servicios y la industria manufacturera. En comparaci\u00f3n con el mes anterior, el descenso del Imacec ajustado estacionalmente se debi\u00f3 a una menor producci\u00f3n en los sectores de miner\u00eda y servicios.<\/p>\n\n\n\n<p class=\"has-medium-font-size wp-block-paragraph\">Junto con ello, se explica que la actividad econ\u00f3mica se vio afectada negativamente por las condiciones clim\u00e1ticas adversas.<\/p>\n\n\n\n<p class=\"has-medium-font-size wp-block-paragraph\"><strong>Sin el factor miner\u00eda<\/strong><\/p>\n\n\n\n<p class=\"has-medium-font-size wp-block-paragraph\">El \u00edndice Imacec, excluyendo la miner\u00eda, disminuy\u00f3 un 0,3% en comparaci\u00f3n con el mismo mes del a\u00f1o anterior, mientras que la serie ajustada estacionalmente cay\u00f3 un 0,5% respecto al mes anterior y un 1,0% interanual.<\/p>\n","protected":false},"excerpt":{"rendered":"<p>Imagen referencial. El Banco Central public\u00f3 el \u00cdndice de la Actividad Econ\u00f3mica, Imacec de julio, el que disminuy\u00f3<\/p>\n","protected":false},"author":2,"featured_media":19559,"comment_status":"closed","ping_status":"closed","sticky":false,"template":"","format":"standard","meta":{"footnotes":""},"categories":[51,52],"tags":[186],"class_list":["post-19558","post","type-post","status-publish","format-standard","has-post-thumbnail","hentry","category-chile","category-noticias","tag-imacec"],"rttpg_featured_image_url":{"full":["https:\/\/prodelcobre.cl\/nueva\/wp-content\/uploads\/2026\/09\/fikri-rasyid-ezeC8-clZSs-unsplash.jpg",640,427,false],"landscape":["https:\/\/prodelcobre.cl\/nueva\/wp-content\/uploads\/2026\/09\/fikri-rasyid-ezeC8-clZSs-unsplash.jpg",640,427,false],"portraits":["https:\/\/prodelcobre.cl\/nueva\/wp-content\/uploads\/2026\/09\/fikri-rasyid-ezeC8-clZSs-unsplash.jpg",640,427,false],"thumbnail":["https:\/\/prodelcobre.cl\/nueva\/wp-content\/uploads\/2026\/09\/fikri-rasyid-ezeC8-clZSs-unsplash-150x150.jpg",150,150,true],"medium":["https:\/\/prodelcobre.cl\/nueva\/wp-content\/uploads\/2026\/09\/fikri-rasyid-ezeC8-clZSs-unsplash.jpg",640,427,false],"large":["https:\/\/prodelcobre.cl\/nueva\/wp-content\/uploads\/2026\/09\/fikri-rasyid-ezeC8-clZSs-unsplash.jpg",640,427,false],"1536x1536":["https:\/\/prodelcobre.cl\/nueva\/wp-content\/uploads\/2026\/09\/fikri-rasyid-ezeC8-clZSs-unsplash.jpg",640,427,false],"2048x2048":["https:\/\/prodelcobre.cl\/nueva\/wp-content\/uploads\/2026\/09\/fikri-rasyid-ezeC8-clZSs-unsplash.jpg",640,427,false],"morenews-featured":["https:\/\/prodelcobre.cl\/nueva\/wp-content\/uploads\/2026\/09\/fikri-rasyid-ezeC8-clZSs-unsplash.jpg",640,427,false],"morenews-large":["https:\/\/prodelcobre.cl\/nueva\/wp-content\/uploads\/2026\/09\/fikri-rasyid-ezeC8-clZSs-unsplash.jpg",640,427,false],"morenews-medium":["https:\/\/prodelcobre.cl\/nueva\/wp-content\/uploads\/2026\/09\/fikri-rasyid-ezeC8-clZSs-unsplash-590x410.jpg",590,410,true],"psacp-medium":["https:\/\/prodelcobre.cl\/nueva\/wp-content\/uploads\/2026\/09\/fikri-rasyid-ezeC8-clZSs-unsplash-500x427.jpg",500,427,true]},"rttpg_author":{"display_name":"Jorge Pardo","author_link":"https:\/\/prodelcobre.cl\/nueva\/author\/prensa\/"},"rttpg_comment":0,"rttpg_category":"<a href=\"https:\/\/prodelcobre.cl\/nueva\/category\/chile\/\" rel=\"category tag\">Chile<\/a> <a href=\"https:\/\/prodelcobre.cl\/nueva\/category\/noticias\/\" rel=\"category tag\">Noticias<\/a>","rttpg_excerpt":"Imagen referencial. El Banco Central public\u00f3 el \u00cdndice de la Actividad Econ\u00f3mica, Imacec de julio, el que disminuy\u00f3","_links":{"self":[{"href":"https:\/\/prodelcobre.cl\/nueva\/wp-json\/wp\/v2\/posts\/19558","targetHints":{"allow":["GET"]}}],"collection":[{"href":"https:\/\/prodelcobre.cl\/nueva\/wp-json\/wp\/v2\/posts"}],"about":[{"href":"https:\/\/prodelcobre.cl\/nueva\/wp-json\/wp\/v2\/types\/post"}],"author":[{"embeddable":true,"href":"https:\/\/prodelcobre.cl\/nueva\/wp-json\/wp\/v2\/users\/2"}],"replies":[{"embeddable":true,"href":"https:\/\/prodelcobre.cl\/nueva\/wp-json\/wp\/v2\/comments?post=19558"}],"version-history":[{"count":1,"href":"https:\/\/prodelcobre.cl\/nueva\/wp-json\/wp\/v2\/posts\/19558\/revisions"}],"predecessor-version":[{"id":19560,"href":"https:\/\/prodelcobre.cl\/nueva\/wp-json\/wp\/v2\/posts\/19558\/revisions\/19560"}],"wp:featuredmedia":[{"embeddable":true,"href":"https:\/\/prodelcobre.cl\/nueva\/wp-json\/wp\/v2\/media\/19559"}],"wp:attachment":[{"href":"https:\/\/prodelcobre.cl\/nueva\/wp-json\/wp\/v2\/media?parent=19558"}],"wp:term":[{"taxonomy":"category","embeddable":true,"href":"https:\/\/prodelcobre.cl\/nueva\/wp-json\/wp\/v2\/categories?post=19558"},{"taxonomy":"post_tag","embeddable":true,"href":"https:\/\/prodelcobre.cl\/nueva\/wp-json\/wp\/v2\/tags?post=19558"}],"curies":[{"name":"wp","href":"https:\/\/api.w.org\/{rel}","templated":true}]}}