{"id":19565,"date":"2026-09-01T11:28:23","date_gmt":"2026-09-01T15:28:23","guid":{"rendered":"https:\/\/prodelcobre.cl\/nueva\/?p=19565"},"modified":"2026-09-01T11:28:24","modified_gmt":"2026-09-01T15:28:24","slug":"cobre-mantiene-un-precio-historicamente-alto-y-acumula-un-alza-cercana-al-40-en-2026","status":"publish","type":"post","link":"https:\/\/prodelcobre.cl\/nueva\/cobre-mantiene-un-precio-historicamente-alto-y-acumula-un-alza-cercana-al-40-en-2026\/","title":{"rendered":"Cobre mantiene un precio hist\u00f3ricamente alto y acumula un alza cercana al 40% en 2026"},"content":{"rendered":"\n<p class=\"has-medium-font-size wp-block-paragraph\">El precio del cobre contin\u00faa en niveles elevados durante 2026. De acuerdo con los registros del Banco Central de Chile, el metal alcanz\u00f3 este 1 de septiembre los US$6,55 por libra, manteni\u00e9ndose sobre la barrera de los US$6 por libra.<\/p>\n\n\n\n<p class=\"has-medium-font-size wp-block-paragraph\">Los datos oficiales de Cochilco muestran que el cobre promedi\u00f3 US$6,03 por libra durante 2026, lo que representa un incremento cercano al 40% respecto del mismo per\u00edodo del a\u00f1o anterior. El organismo tambi\u00e9n registr\u00f3 que el metal cerr\u00f3 la semana del 24 al 28 de agosto en US$6,59 por libra.<\/p>\n\n\n\n<p class=\"has-medium-font-size wp-block-paragraph\">El comportamiento del cobre se produce en un escenario de precios elevados y una fuerte acumulaci\u00f3n de inventarios en los principales mercados internacionales. Al cierre de agosto, Cochilco report\u00f3 que las existencias en las bolsas de metales segu\u00edan en niveles considerablemente superiores a los registrados un a\u00f1o atr\u00e1s.<\/p>\n\n\n\n<p class=\"has-medium-font-size wp-block-paragraph\">La referencia internacional para el mercado contin\u00faa siendo la London Metal Exchange (LME), que registra diariamente los precios oficiales del cobre en d\u00f3lares por tonelada. <\/p>\n\n\n\n<p class=\"has-medium-font-size wp-block-paragraph\">Este escenario resulta especialmente relevante para Chile, principal productor mundial de cobre, ya que un precio elevado mejora las perspectivas de ingresos de las compa\u00f1\u00edas mineras y de recaudaci\u00f3n fiscal. Sin embargo, el buen ciclo de precios contrasta con la evoluci\u00f3n reciente de la producci\u00f3n nacional, que ha mostrado retrocesos.<\/p>\n","protected":false},"excerpt":{"rendered":"<p>El precio del cobre contin\u00faa en niveles elevados durante 2026. De acuerdo con los registros del Banco Central<\/p>\n","protected":false},"author":3,"featured_media":18111,"comment_status":"closed","ping_status":"closed","sticky":false,"template":"","format":"standard","meta":{"footnotes":""},"categories":[51,60,52],"tags":[89],"class_list":["post-19565","post","type-post","status-publish","format-standard","has-post-thumbnail","hentry","category-chile","category-mercados","category-noticias","tag-mineria-4"],"rttpg_featured_image_url":{"full":["https:\/\/prodelcobre.cl\/nueva\/wp-content\/uploads\/2026\/04\/PRECIO-DEL-COBRE-IA.png",1380,752,false],"landscape":["https:\/\/prodelcobre.cl\/nueva\/wp-content\/uploads\/2026\/04\/PRECIO-DEL-COBRE-IA.png",1380,752,false],"portraits":["https:\/\/prodelcobre.cl\/nueva\/wp-content\/uploads\/2026\/04\/PRECIO-DEL-COBRE-IA.png",1380,752,false],"thumbnail":["https:\/\/prodelcobre.cl\/nueva\/wp-content\/uploads\/2026\/04\/PRECIO-DEL-COBRE-IA-150x150.png",150,150,true],"medium":["https:\/\/prodelcobre.cl\/nueva\/wp-content\/uploads\/2026\/04\/PRECIO-DEL-COBRE-IA.png",1380,752,false],"large":["https:\/\/prodelcobre.cl\/nueva\/wp-content\/uploads\/2026\/04\/PRECIO-DEL-COBRE-IA.png",1380,752,false],"1536x1536":["https:\/\/prodelcobre.cl\/nueva\/wp-content\/uploads\/2026\/04\/PRECIO-DEL-COBRE-IA.png",1380,752,false],"2048x2048":["https:\/\/prodelcobre.cl\/nueva\/wp-content\/uploads\/2026\/04\/PRECIO-DEL-COBRE-IA.png",1380,752,false],"morenews-featured":["https:\/\/prodelcobre.cl\/nueva\/wp-content\/uploads\/2026\/04\/PRECIO-DEL-COBRE-IA-1024x558.png",1024,558,true],"morenews-large":["https:\/\/prodelcobre.cl\/nueva\/wp-content\/uploads\/2026\/04\/PRECIO-DEL-COBRE-IA-825x575.png",825,575,true],"morenews-medium":["https:\/\/prodelcobre.cl\/nueva\/wp-content\/uploads\/2026\/04\/PRECIO-DEL-COBRE-IA-590x410.png",590,410,true],"psacp-medium":["https:\/\/prodelcobre.cl\/nueva\/wp-content\/uploads\/2026\/04\/PRECIO-DEL-COBRE-IA-500x500.png",500,500,true]},"rttpg_author":{"display_name":"Francisco P\u00e9rez Alvi\u00e1rez","author_link":"https:\/\/prodelcobre.cl\/nueva\/author\/fperez\/"},"rttpg_comment":0,"rttpg_category":"<a href=\"https:\/\/prodelcobre.cl\/nueva\/category\/chile\/\" rel=\"category tag\">Chile<\/a> <a href=\"https:\/\/prodelcobre.cl\/nueva\/category\/mercados\/\" rel=\"category tag\">Mercados<\/a> <a href=\"https:\/\/prodelcobre.cl\/nueva\/category\/noticias\/\" rel=\"category tag\">Noticias<\/a>","rttpg_excerpt":"El precio del cobre contin\u00faa en niveles elevados durante 2026. De acuerdo con los registros del Banco Central","_links":{"self":[{"href":"https:\/\/prodelcobre.cl\/nueva\/wp-json\/wp\/v2\/posts\/19565","targetHints":{"allow":["GET"]}}],"collection":[{"href":"https:\/\/prodelcobre.cl\/nueva\/wp-json\/wp\/v2\/posts"}],"about":[{"href":"https:\/\/prodelcobre.cl\/nueva\/wp-json\/wp\/v2\/types\/post"}],"author":[{"embeddable":true,"href":"https:\/\/prodelcobre.cl\/nueva\/wp-json\/wp\/v2\/users\/3"}],"replies":[{"embeddable":true,"href":"https:\/\/prodelcobre.cl\/nueva\/wp-json\/wp\/v2\/comments?post=19565"}],"version-history":[{"count":1,"href":"https:\/\/prodelcobre.cl\/nueva\/wp-json\/wp\/v2\/posts\/19565\/revisions"}],"predecessor-version":[{"id":19566,"href":"https:\/\/prodelcobre.cl\/nueva\/wp-json\/wp\/v2\/posts\/19565\/revisions\/19566"}],"wp:featuredmedia":[{"embeddable":true,"href":"https:\/\/prodelcobre.cl\/nueva\/wp-json\/wp\/v2\/media\/18111"}],"wp:attachment":[{"href":"https:\/\/prodelcobre.cl\/nueva\/wp-json\/wp\/v2\/media?parent=19565"}],"wp:term":[{"taxonomy":"category","embeddable":true,"href":"https:\/\/prodelcobre.cl\/nueva\/wp-json\/wp\/v2\/categories?post=19565"},{"taxonomy":"post_tag","embeddable":true,"href":"https:\/\/prodelcobre.cl\/nueva\/wp-json\/wp\/v2\/tags?post=19565"}],"curies":[{"name":"wp","href":"https:\/\/api.w.org\/{rel}","templated":true}]}}