{"id":19569,"date":"2026-09-01T17:06:19","date_gmt":"2026-09-01T21:06:19","guid":{"rendered":"https:\/\/prodelcobre.cl\/nueva\/?p=19569"},"modified":"2026-09-01T17:06:19","modified_gmt":"2026-09-01T21:06:19","slug":"escondida-bhp-adjudica-us-3-millones-a-25-startups-para-pilotajes-en-sus-operaciones","status":"publish","type":"post","link":"https:\/\/prodelcobre.cl\/nueva\/escondida-bhp-adjudica-us-3-millones-a-25-startups-para-pilotajes-en-sus-operaciones\/","title":{"rendered":"Escondida BHP adjudica US$ 3 millones a 25 startups para pilotajes en sus operaciones"},"content":{"rendered":"\n<p class=\"has-small-font-size wp-block-paragraph\">Cr\u00e9dito imagen: Escondida BHP.<\/p>\n\n\n\n<p class=\"has-medium-font-size wp-block-paragraph\"><strong>La iniciativa de innovaci\u00f3n abierta &#8220;Open Aster&#8221;, desarrollada junto a la aceleradora Aster, seleccion\u00f3 soluciones tecnol\u00f3gicas entre m\u00e1s de 600 postulantes globales.<\/strong><\/p>\n\n\n\n<p class=\"has-medium-font-size wp-block-paragraph\">Mediante comunicado, la compa\u00f1\u00eda Escondida BHP inform\u00f3 que concluy\u00f3 la primera edici\u00f3n de \u201cOpen Aster\u201d, programa de innovaci\u00f3n abierta impulsado junto a la aceleradora Aster y enmarcado en el Plan \u201cProveedores &amp; Futuro\u201d. Tras recibir m\u00e1s de 600 postulaciones de Chile, Australia, Canad\u00e1, Brasil, Argentina, Per\u00fa y EE.UU., la empresa seleccion\u00f3 a 25 startups para implementar pilotos en terreno, con un fondo total de US$ 3 millones.<\/p>\n\n\n\n<p class=\"has-medium-font-size wp-block-paragraph\">BHP dijo que las tecnolog\u00edas elegidas responden a 21 desaf\u00edos estrat\u00e9gicos planteados por las \u00e1reas operacionales para optimizar procesos en Chancado y Correas, Concentradoras, Operaciones Mina, Infraestructura y Servicios. Los pilotajes se probar\u00e1n en condiciones reales hasta 2028.<\/p>\n\n\n\n<p class=\"has-medium-font-size wp-block-paragraph\">Pablo Pisani, vicepresidente de Asuntos Corporativos y Comunicaciones de Escondida BHP, destac\u00f3 \u201cel trabajo colaborativo con la aceleradora y la conexi\u00f3n entre la operaci\u00f3n y las soluciones propuestas\u201d. En tanto, Macarena L\u00f3pez, directora ejecutiva de Aster, resalt\u00f3 que el \u201cfoco estuvo en la seguridad, la continuidad operacional y la eficiencia\u201d.<\/p>\n","protected":false},"excerpt":{"rendered":"<p>Cr\u00e9dito imagen: Escondida BHP. La iniciativa de innovaci\u00f3n abierta &#8220;Open Aster&#8221;, desarrollada junto a la aceleradora Aster, seleccion\u00f3<\/p>\n","protected":false},"author":2,"featured_media":19570,"comment_status":"closed","ping_status":"closed","sticky":false,"template":"","format":"standard","meta":{"footnotes":""},"categories":[51,52],"tags":[224,405],"class_list":["post-19569","post","type-post","status-publish","format-standard","has-post-thumbnail","hentry","category-chile","category-noticias","tag-bhp","tag-escondida"],"rttpg_featured_image_url":{"full":["https:\/\/prodelcobre.cl\/nueva\/wp-content\/uploads\/2026\/09\/BHP-Ceremonia-2-2.jpeg",1280,854,false],"landscape":["https:\/\/prodelcobre.cl\/nueva\/wp-content\/uploads\/2026\/09\/BHP-Ceremonia-2-2.jpeg",1280,854,false],"portraits":["https:\/\/prodelcobre.cl\/nueva\/wp-content\/uploads\/2026\/09\/BHP-Ceremonia-2-2.jpeg",1280,854,false],"thumbnail":["https:\/\/prodelcobre.cl\/nueva\/wp-content\/uploads\/2026\/09\/BHP-Ceremonia-2-2-150x150.jpeg",150,150,true],"medium":["https:\/\/prodelcobre.cl\/nueva\/wp-content\/uploads\/2026\/09\/BHP-Ceremonia-2-2.jpeg",1280,854,false],"large":["https:\/\/prodelcobre.cl\/nueva\/wp-content\/uploads\/2026\/09\/BHP-Ceremonia-2-2.jpeg",1280,854,false],"1536x1536":["https:\/\/prodelcobre.cl\/nueva\/wp-content\/uploads\/2026\/09\/BHP-Ceremonia-2-2.jpeg",1280,854,false],"2048x2048":["https:\/\/prodelcobre.cl\/nueva\/wp-content\/uploads\/2026\/09\/BHP-Ceremonia-2-2.jpeg",1280,854,false],"morenews-featured":["https:\/\/prodelcobre.cl\/nueva\/wp-content\/uploads\/2026\/09\/BHP-Ceremonia-2-2-1024x683.jpeg",1024,683,true],"morenews-large":["https:\/\/prodelcobre.cl\/nueva\/wp-content\/uploads\/2026\/09\/BHP-Ceremonia-2-2-825x575.jpeg",825,575,true],"morenews-medium":["https:\/\/prodelcobre.cl\/nueva\/wp-content\/uploads\/2026\/09\/BHP-Ceremonia-2-2-590x410.jpeg",590,410,true],"psacp-medium":["https:\/\/prodelcobre.cl\/nueva\/wp-content\/uploads\/2026\/09\/BHP-Ceremonia-2-2-500x500.jpeg",500,500,true]},"rttpg_author":{"display_name":"Jorge Pardo","author_link":"https:\/\/prodelcobre.cl\/nueva\/author\/prensa\/"},"rttpg_comment":0,"rttpg_category":"<a href=\"https:\/\/prodelcobre.cl\/nueva\/category\/chile\/\" rel=\"category tag\">Chile<\/a> <a href=\"https:\/\/prodelcobre.cl\/nueva\/category\/noticias\/\" rel=\"category tag\">Noticias<\/a>","rttpg_excerpt":"Cr\u00e9dito imagen: Escondida BHP. La iniciativa de innovaci\u00f3n abierta &#8220;Open Aster&#8221;, desarrollada junto a la aceleradora Aster, seleccion\u00f3","_links":{"self":[{"href":"https:\/\/prodelcobre.cl\/nueva\/wp-json\/wp\/v2\/posts\/19569","targetHints":{"allow":["GET"]}}],"collection":[{"href":"https:\/\/prodelcobre.cl\/nueva\/wp-json\/wp\/v2\/posts"}],"about":[{"href":"https:\/\/prodelcobre.cl\/nueva\/wp-json\/wp\/v2\/types\/post"}],"author":[{"embeddable":true,"href":"https:\/\/prodelcobre.cl\/nueva\/wp-json\/wp\/v2\/users\/2"}],"replies":[{"embeddable":true,"href":"https:\/\/prodelcobre.cl\/nueva\/wp-json\/wp\/v2\/comments?post=19569"}],"version-history":[{"count":1,"href":"https:\/\/prodelcobre.cl\/nueva\/wp-json\/wp\/v2\/posts\/19569\/revisions"}],"predecessor-version":[{"id":19571,"href":"https:\/\/prodelcobre.cl\/nueva\/wp-json\/wp\/v2\/posts\/19569\/revisions\/19571"}],"wp:featuredmedia":[{"embeddable":true,"href":"https:\/\/prodelcobre.cl\/nueva\/wp-json\/wp\/v2\/media\/19570"}],"wp:attachment":[{"href":"https:\/\/prodelcobre.cl\/nueva\/wp-json\/wp\/v2\/media?parent=19569"}],"wp:term":[{"taxonomy":"category","embeddable":true,"href":"https:\/\/prodelcobre.cl\/nueva\/wp-json\/wp\/v2\/categories?post=19569"},{"taxonomy":"post_tag","embeddable":true,"href":"https:\/\/prodelcobre.cl\/nueva\/wp-json\/wp\/v2\/tags?post=19569"}],"curies":[{"name":"wp","href":"https:\/\/api.w.org\/{rel}","templated":true}]}}