{"id":19573,"date":"2026-09-02T10:20:27","date_gmt":"2026-09-02T14:20:27","guid":{"rendered":"https:\/\/prodelcobre.cl\/nueva\/?p=19573"},"modified":"2026-09-02T10:20:28","modified_gmt":"2026-09-02T14:20:28","slug":"mas-de-2-700-oportunidades-de-talento-marcaran-el-futuro-de-la-mineria-en-tarapaca","status":"publish","type":"post","link":"https:\/\/prodelcobre.cl\/nueva\/mas-de-2-700-oportunidades-de-talento-marcaran-el-futuro-de-la-mineria-en-tarapaca\/","title":{"rendered":"M\u00e1s de 2.700 oportunidades de talento marcar\u00e1n el futuro de la miner\u00eda en Tarapac\u00e1"},"content":{"rendered":"\n<p class=\"has-black-color has-text-color has-small-font-size wp-block-paragraph\">Imagen: Estudio de Fuerza Laboral de la Gran Miner\u00eda 2025\u20132034<\/p>\n\n\n\n<h2 class=\"wp-block-heading has-black-color has-text-color has-medium-font-size\">El cap\u00edtulo regional del Estudio de Fuerza Laboral de la Gran Miner\u00eda 2025\u20132034 revela un fuerte crecimiento del empleo minero y proyecta una alta demanda de nuevos trabajadores durante la pr\u00f3xima d\u00e9cada.<\/h2>\n\n\n\n<p class=\"has-black-color has-text-color has-medium-font-size wp-block-paragraph\">Tarapac\u00e1 concentra actualmente el 9,5% del empleo minero nacional y duplic\u00f3 su dotaci\u00f3n entre 2020 y 2024, sumando m\u00e1s de 9 mil trabajadores. El estudio de la Alianza CCM-Eleva tambi\u00e9n identifica a las empresas proveedoras como uno de los principales segmentos de empleo y puertas de entrada a la industria.<\/p>\n\n\n\n<p class=\"has-black-color has-text-color has-medium-font-size wp-block-paragraph\">De cara a la pr\u00f3xima d\u00e9cada, la regi\u00f3n deber\u00e1 incorporar m\u00e1s de 2.700 nuevos talentos, principalmente para responder al recambio generacional: el 98% de esta demanda estar\u00eda asociada al retiro de trabajadores. A esto se suma el avance de la participaci\u00f3n femenina, con m\u00e1ximos hist\u00f3ricos en matr\u00edculas de carreras vinculadas a la miner\u00eda.<\/p>\n\n\n\n<p class=\"has-black-color has-text-color has-medium-font-size wp-block-paragraph\">El desaf\u00edo estar\u00e1 en fortalecer la conexi\u00f3n entre empresas, proveedores e instituciones formativas para transformar este talento en oportunidades laborales concretas. Perfiles como mantenedores mec\u00e1nicos y operadores de equipos m\u00f3viles ser\u00e1n especialmente relevantes para una miner\u00eda que avanza hacia una mayor automatizaci\u00f3n, digitalizaci\u00f3n y sostenibilidad.<\/p>\n","protected":false},"excerpt":{"rendered":"<p>Imagen: Estudio de Fuerza Laboral de la Gran Miner\u00eda 2025\u20132034 El cap\u00edtulo regional del Estudio de Fuerza Laboral<\/p>\n","protected":false},"author":6,"featured_media":19574,"comment_status":"closed","ping_status":"closed","sticky":false,"template":"","format":"standard","meta":{"footnotes":""},"categories":[51,52],"tags":[97,1663,810],"class_list":["post-19573","post","type-post","status-publish","format-standard","has-post-thumbnail","hentry","category-chile","category-noticias","tag-laboral","tag-talento","tag-tarapaca-3"],"rttpg_featured_image_url":{"full":["https:\/\/prodelcobre.cl\/nueva\/wp-content\/uploads\/2026\/09\/Estudio-de-Fuerza-Laboral-de-la-Gran-Mineria-2025\u20132034-1.png",783,497,false],"landscape":["https:\/\/prodelcobre.cl\/nueva\/wp-content\/uploads\/2026\/09\/Estudio-de-Fuerza-Laboral-de-la-Gran-Mineria-2025\u20132034-1.png",783,497,false],"portraits":["https:\/\/prodelcobre.cl\/nueva\/wp-content\/uploads\/2026\/09\/Estudio-de-Fuerza-Laboral-de-la-Gran-Mineria-2025\u20132034-1.png",783,497,false],"thumbnail":["https:\/\/prodelcobre.cl\/nueva\/wp-content\/uploads\/2026\/09\/Estudio-de-Fuerza-Laboral-de-la-Gran-Mineria-2025\u20132034-1-150x150.png",150,150,true],"medium":["https:\/\/prodelcobre.cl\/nueva\/wp-content\/uploads\/2026\/09\/Estudio-de-Fuerza-Laboral-de-la-Gran-Mineria-2025\u20132034-1.png",783,497,false],"large":["https:\/\/prodelcobre.cl\/nueva\/wp-content\/uploads\/2026\/09\/Estudio-de-Fuerza-Laboral-de-la-Gran-Mineria-2025\u20132034-1.png",783,497,false],"1536x1536":["https:\/\/prodelcobre.cl\/nueva\/wp-content\/uploads\/2026\/09\/Estudio-de-Fuerza-Laboral-de-la-Gran-Mineria-2025\u20132034-1.png",783,497,false],"2048x2048":["https:\/\/prodelcobre.cl\/nueva\/wp-content\/uploads\/2026\/09\/Estudio-de-Fuerza-Laboral-de-la-Gran-Mineria-2025\u20132034-1.png",783,497,false],"morenews-featured":["https:\/\/prodelcobre.cl\/nueva\/wp-content\/uploads\/2026\/09\/Estudio-de-Fuerza-Laboral-de-la-Gran-Mineria-2025\u20132034-1.png",783,497,false],"morenews-large":["https:\/\/prodelcobre.cl\/nueva\/wp-content\/uploads\/2026\/09\/Estudio-de-Fuerza-Laboral-de-la-Gran-Mineria-2025\u20132034-1.png",783,497,false],"morenews-medium":["https:\/\/prodelcobre.cl\/nueva\/wp-content\/uploads\/2026\/09\/Estudio-de-Fuerza-Laboral-de-la-Gran-Mineria-2025\u20132034-1-590x410.png",590,410,true],"psacp-medium":["https:\/\/prodelcobre.cl\/nueva\/wp-content\/uploads\/2026\/09\/Estudio-de-Fuerza-Laboral-de-la-Gran-Mineria-2025\u20132034-1-500x497.png",500,497,true]},"rttpg_author":{"display_name":"Benjam\u00edn Morales","author_link":"https:\/\/prodelcobre.cl\/nueva\/author\/prensa2\/"},"rttpg_comment":0,"rttpg_category":"<a href=\"https:\/\/prodelcobre.cl\/nueva\/category\/chile\/\" rel=\"category tag\">Chile<\/a> <a href=\"https:\/\/prodelcobre.cl\/nueva\/category\/noticias\/\" rel=\"category tag\">Noticias<\/a>","rttpg_excerpt":"Imagen: Estudio de Fuerza Laboral de la Gran Miner\u00eda 2025\u20132034 El cap\u00edtulo regional del Estudio de Fuerza Laboral","_links":{"self":[{"href":"https:\/\/prodelcobre.cl\/nueva\/wp-json\/wp\/v2\/posts\/19573","targetHints":{"allow":["GET"]}}],"collection":[{"href":"https:\/\/prodelcobre.cl\/nueva\/wp-json\/wp\/v2\/posts"}],"about":[{"href":"https:\/\/prodelcobre.cl\/nueva\/wp-json\/wp\/v2\/types\/post"}],"author":[{"embeddable":true,"href":"https:\/\/prodelcobre.cl\/nueva\/wp-json\/wp\/v2\/users\/6"}],"replies":[{"embeddable":true,"href":"https:\/\/prodelcobre.cl\/nueva\/wp-json\/wp\/v2\/comments?post=19573"}],"version-history":[{"count":1,"href":"https:\/\/prodelcobre.cl\/nueva\/wp-json\/wp\/v2\/posts\/19573\/revisions"}],"predecessor-version":[{"id":19575,"href":"https:\/\/prodelcobre.cl\/nueva\/wp-json\/wp\/v2\/posts\/19573\/revisions\/19575"}],"wp:featuredmedia":[{"embeddable":true,"href":"https:\/\/prodelcobre.cl\/nueva\/wp-json\/wp\/v2\/media\/19574"}],"wp:attachment":[{"href":"https:\/\/prodelcobre.cl\/nueva\/wp-json\/wp\/v2\/media?parent=19573"}],"wp:term":[{"taxonomy":"category","embeddable":true,"href":"https:\/\/prodelcobre.cl\/nueva\/wp-json\/wp\/v2\/categories?post=19573"},{"taxonomy":"post_tag","embeddable":true,"href":"https:\/\/prodelcobre.cl\/nueva\/wp-json\/wp\/v2\/tags?post=19573"}],"curies":[{"name":"wp","href":"https:\/\/api.w.org\/{rel}","templated":true}]}}