{"id":19582,"date":"2026-09-02T17:44:06","date_gmt":"2026-09-02T21:44:06","guid":{"rendered":"https:\/\/prodelcobre.cl\/nueva\/?p=19582"},"modified":"2026-09-02T17:44:07","modified_gmt":"2026-09-02T21:44:07","slug":"biministro-mas-en-cimit-2026-gobierno-impulsa-certeza-juridica-y-agilizacion-de-permisos-para-reimpulsar-la-inversion-minera","status":"publish","type":"post","link":"https:\/\/prodelcobre.cl\/nueva\/biministro-mas-en-cimit-2026-gobierno-impulsa-certeza-juridica-y-agilizacion-de-permisos-para-reimpulsar-la-inversion-minera\/","title":{"rendered":"Biministro Mas en CIMIT 2026: Gobierno impulsa certeza jur\u00eddica y agilizaci\u00f3n de permisos para reimpulsar la inversi\u00f3n minera"},"content":{"rendered":"\n<p class=\"has-small-font-size wp-block-paragraph\">Cr\u00e9dito imagen, Ministerio de Miner\u00eda.<\/p>\n\n\n\n<p class=\"has-medium-font-size wp-block-paragraph\"><strong>En la inauguraci\u00f3n del congreso en Iquique, el Ejecutivo present\u00f3 su agenda centrada en la reducci\u00f3n de tr\u00e1mites, incentivos tributarios y modernizaci\u00f3n ambiental para fortalecer la competitividad del sector.<\/strong><\/p>\n\n\n\n<p class=\"has-medium-font-size wp-block-paragraph\">En la apertura del Congreso Internacional de Miner\u00eda de Tarapac\u00e1 (CIMIT) 2026, el biministro de Econom\u00eda y Miner\u00eda, Daniel Mas, anunci\u00f3 una serie de medidas gubernamentales orientadas a recuperar la competitividad del sector mediante la simplificaci\u00f3n regulatoria y la certeza jur\u00eddica.<\/p>\n\n\n\n<p class=\"has-medium-font-size wp-block-paragraph\">El plan contempla agilizar la tramitaci\u00f3n de proyectos a trav\u00e9s de la modificaci\u00f3n de los reglamentos de Seguridad Minera y Cierre de Faenas. Esta reforma permitir\u00e1 transformar 18 permisos cr\u00edticos en declaraciones juradas o T\u00e9cnicas Habilitantes Alternativas, adem\u00e1s de refundir otras 20 autorizaciones en permisos de mayor envergadura. Asimismo, se actualizar\u00e1 el reglamento del Sistema de Evaluaci\u00f3n de Impacto Ambiental para modernizar los procesos sin alterar los est\u00e1ndares vigentes.<\/p>\n\n\n\n<p class=\"has-medium-font-size wp-block-paragraph\">Por su parte, el subsecretario \u00c1lvaro Gonz\u00e1lez destac\u00f3 que la agenda incluye la reducci\u00f3n del impuesto corporativo y la invariabilidad tributaria contempladas en la Ley de Reconstrucci\u00f3n Nacional, junto a incentivos a la exploraci\u00f3n y facilidades para el pago de patentes. En el \u00e1mbito regional, donde la miner\u00eda representa el 26% del PIB, las autoridades instaron a potenciar los proveedores locales con proyecci\u00f3n internacional.<\/p>\n\n\n\n<p class=\"has-medium-font-size wp-block-paragraph\"><strong>Plan de apoyo a Tarapac\u00e1<\/strong><\/p>\n\n\n\n<p class=\"has-medium-font-size wp-block-paragraph\">Asimismo, durante su visita a la regi\u00f3n, las autoridades conocieron los alcances del plan extraordinario de apoyo a Tarapac\u00e1 de minera Collahuasi, que busca contribuir a la recuperaci\u00f3n de la zona tras las afectaciones provocadas por el reciente frente clim\u00e1tico.<\/p>\n\n\n\n<p class=\"has-medium-font-size wp-block-paragraph\">La iniciativa -que considera una inversi\u00f3n cercana a $3.000 millones- incluye acciones de mejoramiento en salud, infraestructura vial y espacios p\u00fablicos, procurando incorporar capacidades locales en su ejecuci\u00f3n.<\/p>\n","protected":false},"excerpt":{"rendered":"<p>Cr\u00e9dito imagen, Ministerio de Miner\u00eda. En la inauguraci\u00f3n del congreso en Iquique, el Ejecutivo present\u00f3 su agenda centrada<\/p>\n","protected":false},"author":2,"featured_media":19583,"comment_status":"closed","ping_status":"closed","sticky":false,"template":"","format":"standard","meta":{"footnotes":""},"categories":[51,52],"tags":[89],"class_list":["post-19582","post","type-post","status-publish","format-standard","has-post-thumbnail","hentry","category-chile","category-noticias","tag-mineria-4"],"rttpg_featured_image_url":{"full":["https:\/\/prodelcobre.cl\/nueva\/wp-content\/uploads\/2026\/09\/WhatsApp-Image-2026-09-02-at-14.18.08.jpeg",1600,900,false],"landscape":["https:\/\/prodelcobre.cl\/nueva\/wp-content\/uploads\/2026\/09\/WhatsApp-Image-2026-09-02-at-14.18.08.jpeg",1600,900,false],"portraits":["https:\/\/prodelcobre.cl\/nueva\/wp-content\/uploads\/2026\/09\/WhatsApp-Image-2026-09-02-at-14.18.08.jpeg",1600,900,false],"thumbnail":["https:\/\/prodelcobre.cl\/nueva\/wp-content\/uploads\/2026\/09\/WhatsApp-Image-2026-09-02-at-14.18.08-150x150.jpeg",150,150,true],"medium":["https:\/\/prodelcobre.cl\/nueva\/wp-content\/uploads\/2026\/09\/WhatsApp-Image-2026-09-02-at-14.18.08.jpeg",1600,900,false],"large":["https:\/\/prodelcobre.cl\/nueva\/wp-content\/uploads\/2026\/09\/WhatsApp-Image-2026-09-02-at-14.18.08.jpeg",1600,900,false],"1536x1536":["https:\/\/prodelcobre.cl\/nueva\/wp-content\/uploads\/2026\/09\/WhatsApp-Image-2026-09-02-at-14.18.08-1536x864.jpeg",1536,864,true],"2048x2048":["https:\/\/prodelcobre.cl\/nueva\/wp-content\/uploads\/2026\/09\/WhatsApp-Image-2026-09-02-at-14.18.08.jpeg",1600,900,false],"morenews-featured":["https:\/\/prodelcobre.cl\/nueva\/wp-content\/uploads\/2026\/09\/WhatsApp-Image-2026-09-02-at-14.18.08-1024x576.jpeg",1024,576,true],"morenews-large":["https:\/\/prodelcobre.cl\/nueva\/wp-content\/uploads\/2026\/09\/WhatsApp-Image-2026-09-02-at-14.18.08-825x575.jpeg",825,575,true],"morenews-medium":["https:\/\/prodelcobre.cl\/nueva\/wp-content\/uploads\/2026\/09\/WhatsApp-Image-2026-09-02-at-14.18.08-590x410.jpeg",590,410,true],"psacp-medium":["https:\/\/prodelcobre.cl\/nueva\/wp-content\/uploads\/2026\/09\/WhatsApp-Image-2026-09-02-at-14.18.08-500x500.jpeg",500,500,true]},"rttpg_author":{"display_name":"Jorge Pardo","author_link":"https:\/\/prodelcobre.cl\/nueva\/author\/prensa\/"},"rttpg_comment":0,"rttpg_category":"<a href=\"https:\/\/prodelcobre.cl\/nueva\/category\/chile\/\" rel=\"category tag\">Chile<\/a> <a href=\"https:\/\/prodelcobre.cl\/nueva\/category\/noticias\/\" rel=\"category tag\">Noticias<\/a>","rttpg_excerpt":"Cr\u00e9dito imagen, Ministerio de Miner\u00eda. En la inauguraci\u00f3n del congreso en Iquique, el Ejecutivo present\u00f3 su agenda centrada","_links":{"self":[{"href":"https:\/\/prodelcobre.cl\/nueva\/wp-json\/wp\/v2\/posts\/19582","targetHints":{"allow":["GET"]}}],"collection":[{"href":"https:\/\/prodelcobre.cl\/nueva\/wp-json\/wp\/v2\/posts"}],"about":[{"href":"https:\/\/prodelcobre.cl\/nueva\/wp-json\/wp\/v2\/types\/post"}],"author":[{"embeddable":true,"href":"https:\/\/prodelcobre.cl\/nueva\/wp-json\/wp\/v2\/users\/2"}],"replies":[{"embeddable":true,"href":"https:\/\/prodelcobre.cl\/nueva\/wp-json\/wp\/v2\/comments?post=19582"}],"version-history":[{"count":1,"href":"https:\/\/prodelcobre.cl\/nueva\/wp-json\/wp\/v2\/posts\/19582\/revisions"}],"predecessor-version":[{"id":19584,"href":"https:\/\/prodelcobre.cl\/nueva\/wp-json\/wp\/v2\/posts\/19582\/revisions\/19584"}],"wp:featuredmedia":[{"embeddable":true,"href":"https:\/\/prodelcobre.cl\/nueva\/wp-json\/wp\/v2\/media\/19583"}],"wp:attachment":[{"href":"https:\/\/prodelcobre.cl\/nueva\/wp-json\/wp\/v2\/media?parent=19582"}],"wp:term":[{"taxonomy":"category","embeddable":true,"href":"https:\/\/prodelcobre.cl\/nueva\/wp-json\/wp\/v2\/categories?post=19582"},{"taxonomy":"post_tag","embeddable":true,"href":"https:\/\/prodelcobre.cl\/nueva\/wp-json\/wp\/v2\/tags?post=19582"}],"curies":[{"name":"wp","href":"https:\/\/api.w.org\/{rel}","templated":true}]}}