{"id":19585,"date":"2026-09-03T13:01:30","date_gmt":"2026-09-03T17:01:30","guid":{"rendered":"https:\/\/prodelcobre.cl\/nueva\/?p=19585"},"modified":"2026-09-03T13:01:30","modified_gmt":"2026-09-03T17:01:30","slug":"nuevos-liderazgos-se-suman-a-codelco-para-avanzar-en-sus-desafios-estrategicos","status":"publish","type":"post","link":"https:\/\/prodelcobre.cl\/nueva\/nuevos-liderazgos-se-suman-a-codelco-para-avanzar-en-sus-desafios-estrategicos\/","title":{"rendered":"Nuevos liderazgos se suman a Codelco para avanzar en sus desaf\u00edos estrat\u00e9gicos"},"content":{"rendered":"\n<p class=\"has-black-color has-text-color has-small-font-size wp-block-paragraph\">Imagen: Codelco<\/p>\n\n\n\n<h2 class=\"wp-block-heading has-black-color has-text-color has-medium-font-size\">Cinco nuevos vicepresidentes se incorporan al equipo ejecutivo de la Corporaci\u00f3n, aportando experiencia y nuevas miradas para fortalecer el trabajo de los equipos y avanzar en los principales desaf\u00edos de Codelco.<\/h2>\n\n\n\n<p class=\"has-black-color has-text-color has-medium-font-size wp-block-paragraph\">Codelco incorpor\u00f3 a cinco nuevos integrantes a su equipo ejecutivo: Francisco Carvajal, vicepresidente de Operaciones Centro Sur; Mario Qui\u00f1ones, vicepresidente de Recursos Mineros, Desarrollo e Innovaci\u00f3n; Leonardo Biaggini, vicepresidente de Estrategia y Control de Gesti\u00f3n; Pablo Villarino, vicepresidente de Asuntos Corporativos y Sustentabilidad; y Fernando Hern\u00e1ndez, vicepresidente de Personas.<\/p>\n\n\n\n<figure class=\"wp-block-gallery has-nested-images columns-default is-cropped wp-block-gallery-1 is-layout-flex wp-block-gallery-is-layout-flex\">\n<figure class=\"wp-block-image size-large\"><img decoding=\"async\" data-id=\"25781\" src=\"https:\/\/amagazine.cl\/wp-content\/uploads\/2026\/09\/CODELCO-3.png\" alt=\"\" class=\"wp-image-25781\" \/><\/figure>\n\n\n\n<figure class=\"wp-block-image size-large\"><img decoding=\"async\" data-id=\"25783\" src=\"https:\/\/amagazine.cl\/wp-content\/uploads\/2026\/09\/CODELCO-1.png\" alt=\"\" class=\"wp-image-25783\" \/><\/figure>\n\n\n\n<figure class=\"wp-block-image size-large\"><img decoding=\"async\" data-id=\"25785\" src=\"https:\/\/amagazine.cl\/wp-content\/uploads\/2026\/09\/CODELCO-2.png\" alt=\"\" class=\"wp-image-25785\" \/><\/figure>\n\n\n\n<figure class=\"wp-block-image size-large\"><img decoding=\"async\" data-id=\"25784\" src=\"https:\/\/amagazine.cl\/wp-content\/uploads\/2026\/09\/CODELCO-4.png\" alt=\"\" class=\"wp-image-25784\" \/><\/figure>\n\n\n\n<figure class=\"wp-block-image size-large\"><img decoding=\"async\" data-id=\"25782\" src=\"https:\/\/amagazine.cl\/wp-content\/uploads\/2026\/09\/CODELCO-5.png\" alt=\"\" class=\"wp-image-25782\" \/><\/figure>\n<\/figure>\n\n\n\n<p class=\"has-black-color has-text-color has-medium-font-size wp-block-paragraph\">Los nuevos liderazgos aportar\u00e1n sus distintas trayectorias y capacidades al trabajo que desarrolla la Corporaci\u00f3n. \u201cCodelco cuenta con equipos de gran experiencia, conocimiento y compromiso. La incorporaci\u00f3n de estos nuevos liderazgos se suma a ese trabajo, aportando distintas miradas y capacidades para seguir avanzando juntos en los desaf\u00edos que tenemos como empresa\u201d, se\u00f1al\u00f3 el presidente ejecutivo, Jorge G\u00f3mez.<\/p>\n\n\n\n<p class=\"has-black-color has-text-color has-medium-font-size wp-block-paragraph\">En esta nueva etapa, los ejecutivos tendr\u00e1n entre sus focos contribuir al desarrollo de Codelco y de Chile, poniendo \u00e9nfasis en la seguridad, la excelencia en la gesti\u00f3n y la colaboraci\u00f3n. \u201cCada uno asume una responsabilidad muy relevante, pero compartimos un prop\u00f3sito com\u00fan: contribuir al desarrollo de Codelco y de Chile, poniendo siempre en el centro la seguridad, la excelencia en la gesti\u00f3n, <\/p>\n","protected":false},"excerpt":{"rendered":"<p>Imagen: Codelco Cinco nuevos vicepresidentes se incorporan al equipo ejecutivo de la Corporaci\u00f3n, aportando experiencia y nuevas miradas<\/p>\n","protected":false},"author":6,"featured_media":19586,"comment_status":"closed","ping_status":"closed","sticky":false,"template":"","format":"standard","meta":{"footnotes":""},"categories":[51,52],"tags":[101,1666,941],"class_list":["post-19585","post","type-post","status-publish","format-standard","has-post-thumbnail","hentry","category-chile","category-noticias","tag-codelco","tag-desafios","tag-liderazgo"],"rttpg_featured_image_url":{"full":["https:\/\/prodelcobre.cl\/nueva\/wp-content\/uploads\/2026\/09\/IMAGEN-CODELCO.jpg",970,545,false],"landscape":["https:\/\/prodelcobre.cl\/nueva\/wp-content\/uploads\/2026\/09\/IMAGEN-CODELCO.jpg",970,545,false],"portraits":["https:\/\/prodelcobre.cl\/nueva\/wp-content\/uploads\/2026\/09\/IMAGEN-CODELCO.jpg",970,545,false],"thumbnail":["https:\/\/prodelcobre.cl\/nueva\/wp-content\/uploads\/2026\/09\/IMAGEN-CODELCO-150x150.jpg",150,150,true],"medium":["https:\/\/prodelcobre.cl\/nueva\/wp-content\/uploads\/2026\/09\/IMAGEN-CODELCO.jpg",970,545,false],"large":["https:\/\/prodelcobre.cl\/nueva\/wp-content\/uploads\/2026\/09\/IMAGEN-CODELCO.jpg",970,545,false],"1536x1536":["https:\/\/prodelcobre.cl\/nueva\/wp-content\/uploads\/2026\/09\/IMAGEN-CODELCO.jpg",970,545,false],"2048x2048":["https:\/\/prodelcobre.cl\/nueva\/wp-content\/uploads\/2026\/09\/IMAGEN-CODELCO.jpg",970,545,false],"morenews-featured":["https:\/\/prodelcobre.cl\/nueva\/wp-content\/uploads\/2026\/09\/IMAGEN-CODELCO.jpg",970,545,false],"morenews-large":["https:\/\/prodelcobre.cl\/nueva\/wp-content\/uploads\/2026\/09\/IMAGEN-CODELCO-825x545.jpg",825,545,true],"morenews-medium":["https:\/\/prodelcobre.cl\/nueva\/wp-content\/uploads\/2026\/09\/IMAGEN-CODELCO-590x410.jpg",590,410,true],"psacp-medium":["https:\/\/prodelcobre.cl\/nueva\/wp-content\/uploads\/2026\/09\/IMAGEN-CODELCO-500x500.jpg",500,500,true]},"rttpg_author":{"display_name":"Benjam\u00edn Morales","author_link":"https:\/\/prodelcobre.cl\/nueva\/author\/prensa2\/"},"rttpg_comment":0,"rttpg_category":"<a href=\"https:\/\/prodelcobre.cl\/nueva\/category\/chile\/\" rel=\"category tag\">Chile<\/a> <a href=\"https:\/\/prodelcobre.cl\/nueva\/category\/noticias\/\" rel=\"category tag\">Noticias<\/a>","rttpg_excerpt":"Imagen: Codelco Cinco nuevos vicepresidentes se incorporan al equipo ejecutivo de la Corporaci\u00f3n, aportando experiencia y nuevas miradas","_links":{"self":[{"href":"https:\/\/prodelcobre.cl\/nueva\/wp-json\/wp\/v2\/posts\/19585","targetHints":{"allow":["GET"]}}],"collection":[{"href":"https:\/\/prodelcobre.cl\/nueva\/wp-json\/wp\/v2\/posts"}],"about":[{"href":"https:\/\/prodelcobre.cl\/nueva\/wp-json\/wp\/v2\/types\/post"}],"author":[{"embeddable":true,"href":"https:\/\/prodelcobre.cl\/nueva\/wp-json\/wp\/v2\/users\/6"}],"replies":[{"embeddable":true,"href":"https:\/\/prodelcobre.cl\/nueva\/wp-json\/wp\/v2\/comments?post=19585"}],"version-history":[{"count":1,"href":"https:\/\/prodelcobre.cl\/nueva\/wp-json\/wp\/v2\/posts\/19585\/revisions"}],"predecessor-version":[{"id":19587,"href":"https:\/\/prodelcobre.cl\/nueva\/wp-json\/wp\/v2\/posts\/19585\/revisions\/19587"}],"wp:featuredmedia":[{"embeddable":true,"href":"https:\/\/prodelcobre.cl\/nueva\/wp-json\/wp\/v2\/media\/19586"}],"wp:attachment":[{"href":"https:\/\/prodelcobre.cl\/nueva\/wp-json\/wp\/v2\/media?parent=19585"}],"wp:term":[{"taxonomy":"category","embeddable":true,"href":"https:\/\/prodelcobre.cl\/nueva\/wp-json\/wp\/v2\/categories?post=19585"},{"taxonomy":"post_tag","embeddable":true,"href":"https:\/\/prodelcobre.cl\/nueva\/wp-json\/wp\/v2\/tags?post=19585"}],"curies":[{"name":"wp","href":"https:\/\/api.w.org\/{rel}","templated":true}]}}