{"id":19591,"date":"2026-09-04T09:39:03","date_gmt":"2026-09-04T13:39:03","guid":{"rendered":"https:\/\/prodelcobre.cl\/nueva\/?p=19591"},"modified":"2026-09-04T09:39:03","modified_gmt":"2026-09-04T13:39:03","slug":"varinka-farren-y-yerko-diaz-se-suman-al-programa-de-expositores-de-intecmin-calama-2026","status":"publish","type":"post","link":"https:\/\/prodelcobre.cl\/nueva\/varinka-farren-y-yerko-diaz-se-suman-al-programa-de-expositores-de-intecmin-calama-2026\/","title":{"rendered":"Varinka Farren y Yerko D\u00edaz se suman al programa de expositores de INTECMIN Calama 2026"},"content":{"rendered":"\n<h2 class=\"wp-block-heading has-black-color has-text-color has-medium-font-size\">La directora ejecutiva de Hub APTA y el exdirector regional de SERNAGEOMIN Antofagasta aportar\u00e1n su experiencia sobre innovaci\u00f3n, tecnolog\u00eda y seguridad en uno de los principales encuentros de la industria minera del norte del pa\u00eds.<\/h2>\n\n\n\n<p class=\"has-black-color has-text-color has-medium-font-size wp-block-paragraph\">INTECMIN Calama 2026 contin\u00faa fortaleciendo su programa de conferencias con la incorporaci\u00f3n de Varinka Farren, directora ejecutiva de Hub APTA, y Yerko D\u00edaz, exdirector regional de SERNAGEOMIN Antofagasta, quienes compartir\u00e1n su experiencia en materias clave para el desarrollo de una miner\u00eda m\u00e1s innovadora, eficiente y segura.<\/p>\n\n\n\n<p class=\"has-black-color has-text-color has-medium-font-size wp-block-paragraph\">Reconocida por su trayectoria impulsando ecosistemas de innovaci\u00f3n y transferencia tecnol\u00f3gica, Varinka Farren abordar\u00e1 el papel que cumplen la colaboraci\u00f3n entre la industria, la academia y los centros de investigaci\u00f3n para acelerar la incorporaci\u00f3n de nuevas soluciones al sector minero. Por su parte, Yerko D\u00edaz entregar\u00e1 su visi\u00f3n sobre los desaf\u00edos que enfrenta la miner\u00eda en materia de seguridad, gesti\u00f3n de riesgos y desarrollo de operaciones, a partir de su experiencia liderando el organismo t\u00e9cnico encargado de la fiscalizaci\u00f3n minera en la Regi\u00f3n de Antofagasta.<\/p>\n\n\n\n<p class=\"has-black-color has-text-color has-medium-font-size wp-block-paragraph\">La participaci\u00f3n de ambos especialistas refleja el enfoque multidisciplinario que busca impulsar INTECMIN Calama 2026, reuniendo a l\u00edderes de la industria, autoridades, acad\u00e9micos y empresas proveedoras para analizar las tendencias que est\u00e1n transformando la miner\u00eda, desde la innovaci\u00f3n tecnol\u00f3gica hasta la sostenibilidad, la productividad y la seguridad operacional.<\/p>\n\n\n\n<p class=\"has-black-color has-text-color has-medium-font-size wp-block-paragraph\">Organizado por Multimedios, INTECMIN Calama 2026 se realizar\u00e1 los d\u00edas 6, 7 y 8 de octubre en el LR Hotel Calama (Ex Alto del Sol), con el prop\u00f3sito de reunir a los principales actores del ecosistema minero para compartir conocimientos, experiencias y soluciones para los desaf\u00edos del sector.<\/p>\n","protected":false},"excerpt":{"rendered":"<p>La directora ejecutiva de Hub APTA y el exdirector regional de SERNAGEOMIN Antofagasta aportar\u00e1n su experiencia sobre innovaci\u00f3n,<\/p>\n","protected":false},"author":6,"featured_media":19592,"comment_status":"closed","ping_status":"closed","sticky":false,"template":"","format":"standard","meta":{"footnotes":""},"categories":[51,52],"tags":[1381,1263,171],"class_list":["post-19591","post","type-post","status-publish","format-standard","has-post-thumbnail","hentry","category-chile","category-noticias","tag-hubapta","tag-intecmin","tag-sernageomin"],"rttpg_featured_image_url":{"full":["https:\/\/prodelcobre.cl\/nueva\/wp-content\/uploads\/2026\/09\/ORADORES.png",890,464,false],"landscape":["https:\/\/prodelcobre.cl\/nueva\/wp-content\/uploads\/2026\/09\/ORADORES.png",890,464,false],"portraits":["https:\/\/prodelcobre.cl\/nueva\/wp-content\/uploads\/2026\/09\/ORADORES.png",890,464,false],"thumbnail":["https:\/\/prodelcobre.cl\/nueva\/wp-content\/uploads\/2026\/09\/ORADORES-150x150.png",150,150,true],"medium":["https:\/\/prodelcobre.cl\/nueva\/wp-content\/uploads\/2026\/09\/ORADORES.png",890,464,false],"large":["https:\/\/prodelcobre.cl\/nueva\/wp-content\/uploads\/2026\/09\/ORADORES.png",890,464,false],"1536x1536":["https:\/\/prodelcobre.cl\/nueva\/wp-content\/uploads\/2026\/09\/ORADORES.png",890,464,false],"2048x2048":["https:\/\/prodelcobre.cl\/nueva\/wp-content\/uploads\/2026\/09\/ORADORES.png",890,464,false],"morenews-featured":["https:\/\/prodelcobre.cl\/nueva\/wp-content\/uploads\/2026\/09\/ORADORES.png",890,464,false],"morenews-large":["https:\/\/prodelcobre.cl\/nueva\/wp-content\/uploads\/2026\/09\/ORADORES-825x464.png",825,464,true],"morenews-medium":["https:\/\/prodelcobre.cl\/nueva\/wp-content\/uploads\/2026\/09\/ORADORES-590x410.png",590,410,true],"psacp-medium":["https:\/\/prodelcobre.cl\/nueva\/wp-content\/uploads\/2026\/09\/ORADORES-500x464.png",500,464,true]},"rttpg_author":{"display_name":"Benjam\u00edn Morales","author_link":"https:\/\/prodelcobre.cl\/nueva\/author\/prensa2\/"},"rttpg_comment":0,"rttpg_category":"<a href=\"https:\/\/prodelcobre.cl\/nueva\/category\/chile\/\" rel=\"category tag\">Chile<\/a> <a href=\"https:\/\/prodelcobre.cl\/nueva\/category\/noticias\/\" rel=\"category tag\">Noticias<\/a>","rttpg_excerpt":"La directora ejecutiva de Hub APTA y el exdirector regional de SERNAGEOMIN Antofagasta aportar\u00e1n su experiencia sobre innovaci\u00f3n,","_links":{"self":[{"href":"https:\/\/prodelcobre.cl\/nueva\/wp-json\/wp\/v2\/posts\/19591","targetHints":{"allow":["GET"]}}],"collection":[{"href":"https:\/\/prodelcobre.cl\/nueva\/wp-json\/wp\/v2\/posts"}],"about":[{"href":"https:\/\/prodelcobre.cl\/nueva\/wp-json\/wp\/v2\/types\/post"}],"author":[{"embeddable":true,"href":"https:\/\/prodelcobre.cl\/nueva\/wp-json\/wp\/v2\/users\/6"}],"replies":[{"embeddable":true,"href":"https:\/\/prodelcobre.cl\/nueva\/wp-json\/wp\/v2\/comments?post=19591"}],"version-history":[{"count":1,"href":"https:\/\/prodelcobre.cl\/nueva\/wp-json\/wp\/v2\/posts\/19591\/revisions"}],"predecessor-version":[{"id":19593,"href":"https:\/\/prodelcobre.cl\/nueva\/wp-json\/wp\/v2\/posts\/19591\/revisions\/19593"}],"wp:featuredmedia":[{"embeddable":true,"href":"https:\/\/prodelcobre.cl\/nueva\/wp-json\/wp\/v2\/media\/19592"}],"wp:attachment":[{"href":"https:\/\/prodelcobre.cl\/nueva\/wp-json\/wp\/v2\/media?parent=19591"}],"wp:term":[{"taxonomy":"category","embeddable":true,"href":"https:\/\/prodelcobre.cl\/nueva\/wp-json\/wp\/v2\/categories?post=19591"},{"taxonomy":"post_tag","embeddable":true,"href":"https:\/\/prodelcobre.cl\/nueva\/wp-json\/wp\/v2\/tags?post=19591"}],"curies":[{"name":"wp","href":"https:\/\/api.w.org\/{rel}","templated":true}]}}