{"id":19594,"date":"2026-09-04T10:07:57","date_gmt":"2026-09-04T14:07:57","guid":{"rendered":"https:\/\/prodelcobre.cl\/nueva\/?p=19594"},"modified":"2026-09-04T10:07:58","modified_gmt":"2026-09-04T14:07:58","slug":"ministerio-de-mineria-y-enami-firman-programa-para-fortalecer-la-pequena-mineria-de-tarapaca","status":"publish","type":"post","link":"https:\/\/prodelcobre.cl\/nueva\/ministerio-de-mineria-y-enami-firman-programa-para-fortalecer-la-pequena-mineria-de-tarapaca\/","title":{"rendered":"Ministerio de Miner\u00eda y ENAMI firman programa para fortalecer la peque\u00f1a miner\u00eda de Tarapac\u00e1"},"content":{"rendered":"\n<p class=\"has-black-color has-text-color has-small-font-size wp-block-paragraph\">Imagen: ENAMI<\/p>\n\n\n\n<h2 class=\"wp-block-heading has-black-color has-text-color has-medium-font-size\">La iniciativa contempla un levantamiento geol\u00f3gico y un catastro actualizado de peque\u00f1os productores, adem\u00e1s de acercar herramientas de fomento, financiamiento y asistencia t\u00e9cnica a las faenas de la regi\u00f3n.<\/h2>\n\n\n\n<p class=\"has-black-color has-text-color has-medium-font-size wp-block-paragraph\">En el marco de CIMIT 2026, el biministro de Econom\u00eda y Miner\u00eda, Daniel Mas, el subsecretario \u00c1lvaro Gonz\u00e1lez y el gerente de Fomento (i) de ENAMI, Yerko Gonz\u00e1lez, firmaron el Programa de Levantamiento Geol\u00f3gico, Empadronamiento y Fomento Productivo para la Peque\u00f1a Miner\u00eda de Tarapac\u00e1. La iniciativa busca fortalecer la peque\u00f1a miner\u00eda y miner\u00eda artesanal mediante un trabajo directo en el territorio.<\/p>\n\n\n\n<p class=\"has-black-color has-text-color has-medium-font-size wp-block-paragraph\">El programa contempla visitas t\u00e9cnicas, muestreo, topograf\u00eda y evaluaci\u00f3n del potencial minero de las faenas, junto con el empadronamiento de productores. Adem\u00e1s, ENAMI realizar\u00e1 capacitaciones sobre compra de minerales, l\u00edneas de cr\u00e9dito, instrumentos de fomento y declaraciones mineras. \u201cQueremos identificar el potencial de nuestras faenas y acompa\u00f1ar a los peque\u00f1os mineros para que puedan crecer y proyectarse\u201d, se\u00f1al\u00f3 Daniel Mas.<\/p>\n\n\n\n<p class=\"has-black-color has-text-color has-medium-font-size wp-block-paragraph\">De acuerdo con Sernageomin, Tarapac\u00e1 registra 164 faenas mineras, de las cuales 156 corresponden a las categor\u00edas C y D, vinculadas a la miner\u00eda de menor escala. El programa se desarrollar\u00e1 entre septiembre y noviembre de 2026 y permitir\u00e1 generar informaci\u00f3n t\u00e9cnica para orientar acciones de fomento, reactivaci\u00f3n, formalizaci\u00f3n y futuras inversiones en el sector. \u201cNuestro objetivo es tener m\u00e1s mineros, m\u00e1s mineral y mejor procesamiento\u201d, destac\u00f3 Yerko Gonz\u00e1lez.<\/p>\n","protected":false},"excerpt":{"rendered":"<p>Imagen: ENAMI La iniciativa contempla un levantamiento geol\u00f3gico y un catastro actualizado de peque\u00f1os productores, adem\u00e1s de acercar<\/p>\n","protected":false},"author":6,"featured_media":19595,"comment_status":"closed","ping_status":"closed","sticky":false,"template":"","format":"standard","meta":{"footnotes":""},"categories":[51,52],"tags":[187,897,364],"class_list":["post-19594","post","type-post","status-publish","format-standard","has-post-thumbnail","hentry","category-chile","category-noticias","tag-enami","tag-ministerio","tag-tarapaca"],"rttpg_featured_image_url":{"full":["https:\/\/prodelcobre.cl\/nueva\/wp-content\/uploads\/2026\/09\/IMAGEN-ENAMI-1.png",1112,524,false],"landscape":["https:\/\/prodelcobre.cl\/nueva\/wp-content\/uploads\/2026\/09\/IMAGEN-ENAMI-1.png",1112,524,false],"portraits":["https:\/\/prodelcobre.cl\/nueva\/wp-content\/uploads\/2026\/09\/IMAGEN-ENAMI-1.png",1112,524,false],"thumbnail":["https:\/\/prodelcobre.cl\/nueva\/wp-content\/uploads\/2026\/09\/IMAGEN-ENAMI-1-150x150.png",150,150,true],"medium":["https:\/\/prodelcobre.cl\/nueva\/wp-content\/uploads\/2026\/09\/IMAGEN-ENAMI-1.png",1112,524,false],"large":["https:\/\/prodelcobre.cl\/nueva\/wp-content\/uploads\/2026\/09\/IMAGEN-ENAMI-1.png",1112,524,false],"1536x1536":["https:\/\/prodelcobre.cl\/nueva\/wp-content\/uploads\/2026\/09\/IMAGEN-ENAMI-1.png",1112,524,false],"2048x2048":["https:\/\/prodelcobre.cl\/nueva\/wp-content\/uploads\/2026\/09\/IMAGEN-ENAMI-1.png",1112,524,false],"morenews-featured":["https:\/\/prodelcobre.cl\/nueva\/wp-content\/uploads\/2026\/09\/IMAGEN-ENAMI-1-1024x483.png",1024,483,true],"morenews-large":["https:\/\/prodelcobre.cl\/nueva\/wp-content\/uploads\/2026\/09\/IMAGEN-ENAMI-1-825x524.png",825,524,true],"morenews-medium":["https:\/\/prodelcobre.cl\/nueva\/wp-content\/uploads\/2026\/09\/IMAGEN-ENAMI-1-590x410.png",590,410,true],"psacp-medium":["https:\/\/prodelcobre.cl\/nueva\/wp-content\/uploads\/2026\/09\/IMAGEN-ENAMI-1-500x500.png",500,500,true]},"rttpg_author":{"display_name":"Benjam\u00edn Morales","author_link":"https:\/\/prodelcobre.cl\/nueva\/author\/prensa2\/"},"rttpg_comment":0,"rttpg_category":"<a href=\"https:\/\/prodelcobre.cl\/nueva\/category\/chile\/\" rel=\"category tag\">Chile<\/a> <a href=\"https:\/\/prodelcobre.cl\/nueva\/category\/noticias\/\" rel=\"category tag\">Noticias<\/a>","rttpg_excerpt":"Imagen: ENAMI La iniciativa contempla un levantamiento geol\u00f3gico y un catastro actualizado de peque\u00f1os productores, adem\u00e1s de acercar","_links":{"self":[{"href":"https:\/\/prodelcobre.cl\/nueva\/wp-json\/wp\/v2\/posts\/19594","targetHints":{"allow":["GET"]}}],"collection":[{"href":"https:\/\/prodelcobre.cl\/nueva\/wp-json\/wp\/v2\/posts"}],"about":[{"href":"https:\/\/prodelcobre.cl\/nueva\/wp-json\/wp\/v2\/types\/post"}],"author":[{"embeddable":true,"href":"https:\/\/prodelcobre.cl\/nueva\/wp-json\/wp\/v2\/users\/6"}],"replies":[{"embeddable":true,"href":"https:\/\/prodelcobre.cl\/nueva\/wp-json\/wp\/v2\/comments?post=19594"}],"version-history":[{"count":1,"href":"https:\/\/prodelcobre.cl\/nueva\/wp-json\/wp\/v2\/posts\/19594\/revisions"}],"predecessor-version":[{"id":19596,"href":"https:\/\/prodelcobre.cl\/nueva\/wp-json\/wp\/v2\/posts\/19594\/revisions\/19596"}],"wp:featuredmedia":[{"embeddable":true,"href":"https:\/\/prodelcobre.cl\/nueva\/wp-json\/wp\/v2\/media\/19595"}],"wp:attachment":[{"href":"https:\/\/prodelcobre.cl\/nueva\/wp-json\/wp\/v2\/media?parent=19594"}],"wp:term":[{"taxonomy":"category","embeddable":true,"href":"https:\/\/prodelcobre.cl\/nueva\/wp-json\/wp\/v2\/categories?post=19594"},{"taxonomy":"post_tag","embeddable":true,"href":"https:\/\/prodelcobre.cl\/nueva\/wp-json\/wp\/v2\/tags?post=19594"}],"curies":[{"name":"wp","href":"https:\/\/api.w.org\/{rel}","templated":true}]}}