{"id":19597,"date":"2026-09-04T10:19:21","date_gmt":"2026-09-04T14:19:21","guid":{"rendered":"https:\/\/prodelcobre.cl\/nueva\/?p=19597"},"modified":"2026-09-04T10:19:22","modified_gmt":"2026-09-04T14:19:22","slug":"observantes-impugnan-resolucion-del-sea-que-rechazo-invalidar-rca-de-proyecto-prospeccion-minera-campanario","status":"publish","type":"post","link":"https:\/\/prodelcobre.cl\/nueva\/observantes-impugnan-resolucion-del-sea-que-rechazo-invalidar-rca-de-proyecto-prospeccion-minera-campanario\/","title":{"rendered":"Observantes impugnan resoluci\u00f3n del SEA que rechaz\u00f3 invalidar RCA de proyecto Prospecci\u00f3n Minera Campanario"},"content":{"rendered":"\n<p class=\"has-black-color has-text-color has-small-font-size wp-block-paragraph\">Imagen: Primer Tribunal Ambiental<\/p>\n\n\n\n<h2 class=\"wp-block-heading has-black-color has-text-color has-medium-font-size\">Cuatro personas recurrieron al Primer Tribunal Ambiental contra la decisi\u00f3n de la Comisi\u00f3n de Evaluaci\u00f3n de Coquimbo, cuestionando aspectos de la evaluaci\u00f3n ambiental, la participaci\u00f3n ciudadana y los posibles impactos del proyecto de Inversiones Barrick Conosur SpA.<\/h2>\n\n\n\n<p class=\"has-black-color has-text-color has-medium-font-size wp-block-paragraph\">Los reclamantes sostienen que la Comisi\u00f3n de Evaluaci\u00f3n de la Regi\u00f3n de Coquimbo restringi\u00f3 indebidamente su calidad de interesados al rechazar la solicitud de invalidaci\u00f3n de la RCA favorable del proyecto \u201cProspecci\u00f3n Minera Campanario\u201d. A su juicio, acreditaron v\u00ednculos ambientales, culturales y espirituales con el Valle del Elqui que les permitir\u00edan ejercer dicha legitimaci\u00f3n.<\/p>\n\n\n\n<p class=\"has-black-color has-text-color has-medium-font-size wp-block-paragraph\">Entre sus principales cuestionamientos, plantean que la evaluaci\u00f3n no habr\u00eda descartado adecuadamente riesgos sobre recursos h\u00eddricos, glaciares, vegas y humedales, adem\u00e1s de posibles efectos sobre sectores de valor ambiental y cultural. Tambi\u00e9n cuestionan que no se haya abierto un nuevo proceso de participaci\u00f3n ciudadana tras modificaciones al proyecto, como la reubicaci\u00f3n de 43 de las 116 plataformas de sondaje y cambios en la longitud de los caminos.<\/p>\n\n\n\n<p class=\"has-black-color has-text-color has-medium-font-size wp-block-paragraph\">Los reclamantes solicitan al Tribunal dejar sin efecto la resoluci\u00f3n que rechaz\u00f3 la invalidaci\u00f3n y ordenar a la COEVA pronunciarse nuevamente, previa apertura de un per\u00edodo probatorio. En subsidio, piden invalidar directamente la RCA. El proyecto contempla una inversi\u00f3n de US$36 millones, una vida \u00fatil de cinco a\u00f1os y la habilitaci\u00f3n de 116 plataformas para sondajes de tipo diamantino en el sector cordillerano de Vicu\u00f1a.<\/p>\n","protected":false},"excerpt":{"rendered":"<p>Imagen: Primer Tribunal Ambiental Cuatro personas recurrieron al Primer Tribunal Ambiental contra la decisi\u00f3n de la Comisi\u00f3n de<\/p>\n","protected":false},"author":6,"featured_media":19598,"comment_status":"closed","ping_status":"closed","sticky":false,"template":"","format":"standard","meta":{"footnotes":""},"categories":[51,52],"tags":[1187,413,1530,449],"class_list":["post-19597","post","type-post","status-publish","format-standard","has-post-thumbnail","hentry","category-chile","category-noticias","tag-campanario","tag-coquimbo","tag-rca","tag-sea"],"rttpg_featured_image_url":{"full":["https:\/\/prodelcobre.cl\/nueva\/wp-content\/uploads\/2026\/09\/IMAGEN-PRIMER-TRIBUNAL-AMBIENTAL.png",585,432,false],"landscape":["https:\/\/prodelcobre.cl\/nueva\/wp-content\/uploads\/2026\/09\/IMAGEN-PRIMER-TRIBUNAL-AMBIENTAL.png",585,432,false],"portraits":["https:\/\/prodelcobre.cl\/nueva\/wp-content\/uploads\/2026\/09\/IMAGEN-PRIMER-TRIBUNAL-AMBIENTAL.png",585,432,false],"thumbnail":["https:\/\/prodelcobre.cl\/nueva\/wp-content\/uploads\/2026\/09\/IMAGEN-PRIMER-TRIBUNAL-AMBIENTAL-150x150.png",150,150,true],"medium":["https:\/\/prodelcobre.cl\/nueva\/wp-content\/uploads\/2026\/09\/IMAGEN-PRIMER-TRIBUNAL-AMBIENTAL.png",585,432,false],"large":["https:\/\/prodelcobre.cl\/nueva\/wp-content\/uploads\/2026\/09\/IMAGEN-PRIMER-TRIBUNAL-AMBIENTAL.png",585,432,false],"1536x1536":["https:\/\/prodelcobre.cl\/nueva\/wp-content\/uploads\/2026\/09\/IMAGEN-PRIMER-TRIBUNAL-AMBIENTAL.png",585,432,false],"2048x2048":["https:\/\/prodelcobre.cl\/nueva\/wp-content\/uploads\/2026\/09\/IMAGEN-PRIMER-TRIBUNAL-AMBIENTAL.png",585,432,false],"morenews-featured":["https:\/\/prodelcobre.cl\/nueva\/wp-content\/uploads\/2026\/09\/IMAGEN-PRIMER-TRIBUNAL-AMBIENTAL.png",585,432,false],"morenews-large":["https:\/\/prodelcobre.cl\/nueva\/wp-content\/uploads\/2026\/09\/IMAGEN-PRIMER-TRIBUNAL-AMBIENTAL.png",585,432,false],"morenews-medium":["https:\/\/prodelcobre.cl\/nueva\/wp-content\/uploads\/2026\/09\/IMAGEN-PRIMER-TRIBUNAL-AMBIENTAL-585x410.png",585,410,true],"psacp-medium":["https:\/\/prodelcobre.cl\/nueva\/wp-content\/uploads\/2026\/09\/IMAGEN-PRIMER-TRIBUNAL-AMBIENTAL-500x432.png",500,432,true]},"rttpg_author":{"display_name":"Benjam\u00edn Morales","author_link":"https:\/\/prodelcobre.cl\/nueva\/author\/prensa2\/"},"rttpg_comment":0,"rttpg_category":"<a href=\"https:\/\/prodelcobre.cl\/nueva\/category\/chile\/\" rel=\"category tag\">Chile<\/a> <a href=\"https:\/\/prodelcobre.cl\/nueva\/category\/noticias\/\" rel=\"category tag\">Noticias<\/a>","rttpg_excerpt":"Imagen: Primer Tribunal Ambiental Cuatro personas recurrieron al Primer Tribunal Ambiental contra la decisi\u00f3n de la Comisi\u00f3n de","_links":{"self":[{"href":"https:\/\/prodelcobre.cl\/nueva\/wp-json\/wp\/v2\/posts\/19597","targetHints":{"allow":["GET"]}}],"collection":[{"href":"https:\/\/prodelcobre.cl\/nueva\/wp-json\/wp\/v2\/posts"}],"about":[{"href":"https:\/\/prodelcobre.cl\/nueva\/wp-json\/wp\/v2\/types\/post"}],"author":[{"embeddable":true,"href":"https:\/\/prodelcobre.cl\/nueva\/wp-json\/wp\/v2\/users\/6"}],"replies":[{"embeddable":true,"href":"https:\/\/prodelcobre.cl\/nueva\/wp-json\/wp\/v2\/comments?post=19597"}],"version-history":[{"count":1,"href":"https:\/\/prodelcobre.cl\/nueva\/wp-json\/wp\/v2\/posts\/19597\/revisions"}],"predecessor-version":[{"id":19599,"href":"https:\/\/prodelcobre.cl\/nueva\/wp-json\/wp\/v2\/posts\/19597\/revisions\/19599"}],"wp:featuredmedia":[{"embeddable":true,"href":"https:\/\/prodelcobre.cl\/nueva\/wp-json\/wp\/v2\/media\/19598"}],"wp:attachment":[{"href":"https:\/\/prodelcobre.cl\/nueva\/wp-json\/wp\/v2\/media?parent=19597"}],"wp:term":[{"taxonomy":"category","embeddable":true,"href":"https:\/\/prodelcobre.cl\/nueva\/wp-json\/wp\/v2\/categories?post=19597"},{"taxonomy":"post_tag","embeddable":true,"href":"https:\/\/prodelcobre.cl\/nueva\/wp-json\/wp\/v2\/tags?post=19597"}],"curies":[{"name":"wp","href":"https:\/\/api.w.org\/{rel}","templated":true}]}}