{"id":19600,"date":"2026-09-04T14:08:20","date_gmt":"2026-09-04T18:08:20","guid":{"rendered":"https:\/\/prodelcobre.cl\/nueva\/?p=19600"},"modified":"2026-09-04T14:08:21","modified_gmt":"2026-09-04T18:08:21","slug":"cena-de-la-mineria-2026-proyecta-a-antofagasta-como-motor-de-desarrollo-del-pais","status":"publish","type":"post","link":"https:\/\/prodelcobre.cl\/nueva\/cena-de-la-mineria-2026-proyecta-a-antofagasta-como-motor-de-desarrollo-del-pais\/","title":{"rendered":"Cena de la Miner\u00eda 2026 proyecta a Antofagasta como motor de desarrollo del pa\u00eds"},"content":{"rendered":"\n<p class=\"has-small-font-size wp-block-paragraph\">Cr\u00e9dito imagen AIA.<\/p>\n\n\n\n<p class=\"has-medium-font-size wp-block-paragraph\"><strong>El tradicional encuentro reuni\u00f3 a m\u00e1s de 1.400 actores para marcar el cierre del Mes de la Miner\u00eda, instancia donde se entregaron los reconocimientos AIA a destacados ejecutivos y empresas de la industria.<\/strong><\/p>\n\n\n\n<p class=\"has-medium-font-size wp-block-paragraph\">Con la participaci\u00f3n de m\u00e1s de 1.400 asistentes \u2014entre autoridades nacionales, regionales, ejecutivos, proveedores y representantes de la academia y la sociedad civil\u2014 se llev\u00f3 a cabo la tradicional Cena de la Miner\u00eda 2026. El evento, impulsado por la Asociaci\u00f3n de Industriales de Antofagasta (AIA), el Ministerio de Miner\u00eda y el Gobierno Regional, puso el punto final a las actividades del Mes de la Miner\u00eda desarrolladas durante agosto.<\/p>\n\n\n\n<p class=\"has-medium-font-size wp-block-paragraph\">Durante la jornada, el Biministro de Econom\u00eda y Miner\u00eda, Daniel Mas, destac\u00f3 el rol de la industria en el pa\u00eds se\u00f1alando que: \u201cLa miner\u00eda no es solamente una actividad productiva; es una plataforma para generar crecimiento, empleo, inversi\u00f3n, innovaci\u00f3n y nuevas oportunidades para Chile. Y en ese desaf\u00edo, la Regi\u00f3n de Antofagasta tiene un papel absolutamente estrat\u00e9gico. Lo que aqu\u00ed ocurre tiene impacto en todo el pa\u00eds, por eso necesitamos seguir generando condiciones para que la inversi\u00f3n se transforme en desarrollo y en mejores oportunidades para las personas\u201d.<\/p>\n\n\n\n<p class=\"has-medium-font-size wp-block-paragraph\">La noche culmin\u00f3 con la entrega de los Premios AIA 2026, los cuales distinguieron el aporte en innovaci\u00f3n, sostenibilidad y productividad. La lista de los galardonados por categor\u00eda incluye a:<\/p>\n\n\n\n<p class=\"has-medium-font-size wp-block-paragraph\">Jos\u00e9 Santos Ossa: Teresa Gajardo (T-Metal, Grupo Azcana).<\/p>\n\n\n\n<p class=\"has-medium-font-size wp-block-paragraph\">Radoslav Razmilic: Boris Medina (El Abra).<\/p>\n\n\n\n<p class=\"has-medium-font-size wp-block-paragraph\">Desarrollo Industrial: Aguas Antofagasta y AES Andes.<\/p>\n\n\n\n<p class=\"has-medium-font-size wp-block-paragraph\">Aporte Tecnol\u00f3gico: Tecic SpA., Novandino Litio y Albemarle.<\/p>\n\n\n\n<p class=\"has-medium-font-size wp-block-paragraph\">Peque\u00f1a y Mediana Empresa: Ram Rental &amp; Quallity.<\/p>\n\n\n\n<p class=\"has-medium-font-size wp-block-paragraph\">Gesti\u00f3n Sustentable: Econssa, Escondida | BHP y Minera Zald\u00edvar.<\/p>\n","protected":false},"excerpt":{"rendered":"<p>Cr\u00e9dito imagen AIA. El tradicional encuentro reuni\u00f3 a m\u00e1s de 1.400 actores para marcar el cierre del Mes<\/p>\n","protected":false},"author":2,"featured_media":19601,"comment_status":"closed","ping_status":"closed","sticky":false,"template":"","format":"standard","meta":{"footnotes":""},"categories":[51,52],"tags":[309,1309,75],"class_list":["post-19600","post","type-post","status-publish","format-standard","has-post-thumbnail","hentry","category-chile","category-noticias","tag-aia","tag-cena","tag-mineria-3"],"rttpg_featured_image_url":{"full":["https:\/\/prodelcobre.cl\/nueva\/wp-content\/uploads\/2026\/09\/AIA-cena-mineria-septiembre-2026-3.jpg",800,533,false],"landscape":["https:\/\/prodelcobre.cl\/nueva\/wp-content\/uploads\/2026\/09\/AIA-cena-mineria-septiembre-2026-3.jpg",800,533,false],"portraits":["https:\/\/prodelcobre.cl\/nueva\/wp-content\/uploads\/2026\/09\/AIA-cena-mineria-septiembre-2026-3.jpg",800,533,false],"thumbnail":["https:\/\/prodelcobre.cl\/nueva\/wp-content\/uploads\/2026\/09\/AIA-cena-mineria-septiembre-2026-3-150x150.jpg",150,150,true],"medium":["https:\/\/prodelcobre.cl\/nueva\/wp-content\/uploads\/2026\/09\/AIA-cena-mineria-septiembre-2026-3.jpg",800,533,false],"large":["https:\/\/prodelcobre.cl\/nueva\/wp-content\/uploads\/2026\/09\/AIA-cena-mineria-septiembre-2026-3.jpg",800,533,false],"1536x1536":["https:\/\/prodelcobre.cl\/nueva\/wp-content\/uploads\/2026\/09\/AIA-cena-mineria-septiembre-2026-3.jpg",800,533,false],"2048x2048":["https:\/\/prodelcobre.cl\/nueva\/wp-content\/uploads\/2026\/09\/AIA-cena-mineria-septiembre-2026-3.jpg",800,533,false],"morenews-featured":["https:\/\/prodelcobre.cl\/nueva\/wp-content\/uploads\/2026\/09\/AIA-cena-mineria-septiembre-2026-3.jpg",800,533,false],"morenews-large":["https:\/\/prodelcobre.cl\/nueva\/wp-content\/uploads\/2026\/09\/AIA-cena-mineria-septiembre-2026-3.jpg",800,533,false],"morenews-medium":["https:\/\/prodelcobre.cl\/nueva\/wp-content\/uploads\/2026\/09\/AIA-cena-mineria-septiembre-2026-3-590x410.jpg",590,410,true],"psacp-medium":["https:\/\/prodelcobre.cl\/nueva\/wp-content\/uploads\/2026\/09\/AIA-cena-mineria-septiembre-2026-3-500x500.jpg",500,500,true]},"rttpg_author":{"display_name":"Jorge Pardo","author_link":"https:\/\/prodelcobre.cl\/nueva\/author\/prensa\/"},"rttpg_comment":0,"rttpg_category":"<a href=\"https:\/\/prodelcobre.cl\/nueva\/category\/chile\/\" rel=\"category tag\">Chile<\/a> <a href=\"https:\/\/prodelcobre.cl\/nueva\/category\/noticias\/\" rel=\"category tag\">Noticias<\/a>","rttpg_excerpt":"Cr\u00e9dito imagen AIA. El tradicional encuentro reuni\u00f3 a m\u00e1s de 1.400 actores para marcar el cierre del Mes","_links":{"self":[{"href":"https:\/\/prodelcobre.cl\/nueva\/wp-json\/wp\/v2\/posts\/19600","targetHints":{"allow":["GET"]}}],"collection":[{"href":"https:\/\/prodelcobre.cl\/nueva\/wp-json\/wp\/v2\/posts"}],"about":[{"href":"https:\/\/prodelcobre.cl\/nueva\/wp-json\/wp\/v2\/types\/post"}],"author":[{"embeddable":true,"href":"https:\/\/prodelcobre.cl\/nueva\/wp-json\/wp\/v2\/users\/2"}],"replies":[{"embeddable":true,"href":"https:\/\/prodelcobre.cl\/nueva\/wp-json\/wp\/v2\/comments?post=19600"}],"version-history":[{"count":1,"href":"https:\/\/prodelcobre.cl\/nueva\/wp-json\/wp\/v2\/posts\/19600\/revisions"}],"predecessor-version":[{"id":19602,"href":"https:\/\/prodelcobre.cl\/nueva\/wp-json\/wp\/v2\/posts\/19600\/revisions\/19602"}],"wp:featuredmedia":[{"embeddable":true,"href":"https:\/\/prodelcobre.cl\/nueva\/wp-json\/wp\/v2\/media\/19601"}],"wp:attachment":[{"href":"https:\/\/prodelcobre.cl\/nueva\/wp-json\/wp\/v2\/media?parent=19600"}],"wp:term":[{"taxonomy":"category","embeddable":true,"href":"https:\/\/prodelcobre.cl\/nueva\/wp-json\/wp\/v2\/categories?post=19600"},{"taxonomy":"post_tag","embeddable":true,"href":"https:\/\/prodelcobre.cl\/nueva\/wp-json\/wp\/v2\/tags?post=19600"}],"curies":[{"name":"wp","href":"https:\/\/api.w.org\/{rel}","templated":true}]}}