{"id":19603,"date":"2026-09-04T17:28:10","date_gmt":"2026-09-04T21:28:10","guid":{"rendered":"https:\/\/prodelcobre.cl\/nueva\/?p=19603"},"modified":"2026-09-04T17:28:11","modified_gmt":"2026-09-04T21:28:11","slug":"tres-trabajadoras-de-lundin-mining-son-premiadas-en-wim100","status":"publish","type":"post","link":"https:\/\/prodelcobre.cl\/nueva\/tres-trabajadoras-de-lundin-mining-son-premiadas-en-wim100\/","title":{"rendered":"Tres trabajadoras de Lundin Mining son premiadas en WIM100"},"content":{"rendered":"\n<p class=\"has-small-font-size wp-block-paragraph\">Cr\u00e9dito imagen, Lundin Mining.<\/p>\n\n\n\n<p class=\"has-medium-font-size wp-block-paragraph\"><strong>Kimberly Contreras, Natalia Rojo y Mei Aqueveque fueron destacadas en la categor\u00eda &#8220;Fuerza de Mujer&#8221; por su liderazgo, compromiso y aporte a la inclusi\u00f3n en la industria nacional.<\/strong><\/p>\n\n\n\n<p class=\"has-medium-font-size wp-block-paragraph\">Tres profesionales de Lundin Mining fueron reconocidas en la iniciativa WIM100 de Women in Mining Chile, distinci\u00f3n que destaca a 100 l\u00edderes del sector. Kimberly Contreras y Natalia Rojo, de la faena Caserones, junto a Mei Aqueveque, de Candelaria, integran la categor\u00eda &#8220;Fuerza de Mujer&#8221;, premio a quienes impulsan la excelencia, el trabajo seguro y la inclusi\u00f3n desde sus \u00e1reas.<\/p>\n\n\n\n<p class=\"has-medium-font-size wp-block-paragraph\">Contreras, ingeniera senior, destac\u00f3 que el hito busca inspirar a j\u00f3venes a proyectarse en el rubro, mientras que Rojo, operadora de Procesos, enfatiz\u00f3 la importancia de romper barreras culturales. Por su parte, Aqueveque resalt\u00f3 el desarrollo interno que ha vivido desde su pr\u00e1ctica profesional en 2018 hasta hoy como ingeniera ambiental.<\/p>\n\n\n\n<p class=\"has-medium-font-size wp-block-paragraph\">Las historias forman parte del libro oficial de WIM100, publicaci\u00f3n dise\u00f1ada para proyectar estos referentes a las futuras generaciones. Desde la minera, el vicepresidente senior y director de Operaciones, Juan Andr\u00e9s Morel, valor\u00f3 la determinaci\u00f3n de las reconocidas, reafirmando el compromiso corporativo con la equidad, la diversidad de miradas y el impulso al talento femenino en todos sus niveles operativos.<\/p>\n","protected":false},"excerpt":{"rendered":"<p>Cr\u00e9dito imagen, Lundin Mining. Kimberly Contreras, Natalia Rojo y Mei Aqueveque fueron destacadas en la categor\u00eda &#8220;Fuerza de<\/p>\n","protected":false},"author":2,"featured_media":19604,"comment_status":"closed","ping_status":"closed","sticky":false,"template":"","format":"standard","meta":{"footnotes":""},"categories":[51,52],"tags":[403],"class_list":["post-19603","post","type-post","status-publish","format-standard","has-post-thumbnail","hentry","category-chile","category-noticias","tag-candelaria"],"rttpg_featured_image_url":{"full":["https:\/\/prodelcobre.cl\/nueva\/wp-content\/uploads\/2026\/09\/Trabajadoras-Lundin-Mining-WIM.jpg",2048,1366,false],"landscape":["https:\/\/prodelcobre.cl\/nueva\/wp-content\/uploads\/2026\/09\/Trabajadoras-Lundin-Mining-WIM.jpg",2048,1366,false],"portraits":["https:\/\/prodelcobre.cl\/nueva\/wp-content\/uploads\/2026\/09\/Trabajadoras-Lundin-Mining-WIM.jpg",2048,1366,false],"thumbnail":["https:\/\/prodelcobre.cl\/nueva\/wp-content\/uploads\/2026\/09\/Trabajadoras-Lundin-Mining-WIM-150x150.jpg",150,150,true],"medium":["https:\/\/prodelcobre.cl\/nueva\/wp-content\/uploads\/2026\/09\/Trabajadoras-Lundin-Mining-WIM.jpg",2048,1366,false],"large":["https:\/\/prodelcobre.cl\/nueva\/wp-content\/uploads\/2026\/09\/Trabajadoras-Lundin-Mining-WIM.jpg",2048,1366,false],"1536x1536":["https:\/\/prodelcobre.cl\/nueva\/wp-content\/uploads\/2026\/09\/Trabajadoras-Lundin-Mining-WIM-1536x1025.jpg",1536,1025,true],"2048x2048":["https:\/\/prodelcobre.cl\/nueva\/wp-content\/uploads\/2026\/09\/Trabajadoras-Lundin-Mining-WIM.jpg",2048,1366,false],"morenews-featured":["https:\/\/prodelcobre.cl\/nueva\/wp-content\/uploads\/2026\/09\/Trabajadoras-Lundin-Mining-WIM-1024x683.jpg",1024,683,true],"morenews-large":["https:\/\/prodelcobre.cl\/nueva\/wp-content\/uploads\/2026\/09\/Trabajadoras-Lundin-Mining-WIM-825x575.jpg",825,575,true],"morenews-medium":["https:\/\/prodelcobre.cl\/nueva\/wp-content\/uploads\/2026\/09\/Trabajadoras-Lundin-Mining-WIM-590x410.jpg",590,410,true],"psacp-medium":["https:\/\/prodelcobre.cl\/nueva\/wp-content\/uploads\/2026\/09\/Trabajadoras-Lundin-Mining-WIM-500x500.jpg",500,500,true]},"rttpg_author":{"display_name":"Jorge Pardo","author_link":"https:\/\/prodelcobre.cl\/nueva\/author\/prensa\/"},"rttpg_comment":0,"rttpg_category":"<a href=\"https:\/\/prodelcobre.cl\/nueva\/category\/chile\/\" rel=\"category tag\">Chile<\/a> <a href=\"https:\/\/prodelcobre.cl\/nueva\/category\/noticias\/\" rel=\"category tag\">Noticias<\/a>","rttpg_excerpt":"Cr\u00e9dito imagen, Lundin Mining. Kimberly Contreras, Natalia Rojo y Mei Aqueveque fueron destacadas en la categor\u00eda &#8220;Fuerza de","_links":{"self":[{"href":"https:\/\/prodelcobre.cl\/nueva\/wp-json\/wp\/v2\/posts\/19603","targetHints":{"allow":["GET"]}}],"collection":[{"href":"https:\/\/prodelcobre.cl\/nueva\/wp-json\/wp\/v2\/posts"}],"about":[{"href":"https:\/\/prodelcobre.cl\/nueva\/wp-json\/wp\/v2\/types\/post"}],"author":[{"embeddable":true,"href":"https:\/\/prodelcobre.cl\/nueva\/wp-json\/wp\/v2\/users\/2"}],"replies":[{"embeddable":true,"href":"https:\/\/prodelcobre.cl\/nueva\/wp-json\/wp\/v2\/comments?post=19603"}],"version-history":[{"count":1,"href":"https:\/\/prodelcobre.cl\/nueva\/wp-json\/wp\/v2\/posts\/19603\/revisions"}],"predecessor-version":[{"id":19605,"href":"https:\/\/prodelcobre.cl\/nueva\/wp-json\/wp\/v2\/posts\/19603\/revisions\/19605"}],"wp:featuredmedia":[{"embeddable":true,"href":"https:\/\/prodelcobre.cl\/nueva\/wp-json\/wp\/v2\/media\/19604"}],"wp:attachment":[{"href":"https:\/\/prodelcobre.cl\/nueva\/wp-json\/wp\/v2\/media?parent=19603"}],"wp:term":[{"taxonomy":"category","embeddable":true,"href":"https:\/\/prodelcobre.cl\/nueva\/wp-json\/wp\/v2\/categories?post=19603"},{"taxonomy":"post_tag","embeddable":true,"href":"https:\/\/prodelcobre.cl\/nueva\/wp-json\/wp\/v2\/tags?post=19603"}],"curies":[{"name":"wp","href":"https:\/\/api.w.org\/{rel}","templated":true}]}}