{"id":4850,"date":"2022-03-08T11:08:34","date_gmt":"2022-03-08T14:08:34","guid":{"rendered":"https:\/\/prodelcobre.cl\/nueva\/?p=4850"},"modified":"2022-03-08T11:08:36","modified_gmt":"2022-03-08T14:08:36","slug":"futura-ministra-de-mineria-envia-un-reconocimiento-a-las-mujeres-de-la-industria","status":"publish","type":"post","link":"https:\/\/prodelcobre.cl\/nueva\/futura-ministra-de-mineria-envia-un-reconocimiento-a-las-mujeres-de-la-industria\/","title":{"rendered":"Futura ministra de Miner\u00eda env\u00eda un reconocimiento a las mujeres de la industria"},"content":{"rendered":"\n<h2 class=\"wp-block-heading\">Marcela Hernando ve como una tremenda tarea por delante aumentar la participaci\u00f3n de la mujer en la industria minera, as\u00ed como tambi\u00e9n en los directorios.<\/h2>\n\n\n\n<figure class=\"wp-block-image size-large\"><a href=\"https:\/\/drive.google.com\/file\/d\/1w8NbMh8F6FIvwutOV194Q-TqDEL7chnY\/view\" target=\"_blank\" rel=\"https:\/\/drive.google.com\/file\/d\/1w8NbMh8F6FIvwutOV194Q-TqDEL7chnY\/view noopener\"><img fetchpriority=\"high\" decoding=\"async\" width=\"571\" height=\"321\" src=\"https:\/\/prodelcobre.cl\/nueva\/wp-content\/uploads\/2022\/03\/MINISTRA-MINERIA.jpg\" alt=\"\" class=\"wp-image-4851\"\/><\/a><\/figure>\n\n\n\n<p>Click en la imagen.<\/p>\n","protected":false},"excerpt":{"rendered":"<p>Marcela Hernando ve como una tremenda tarea por delante aumentar la participaci\u00f3n de la mujer en la industria<\/p>\n","protected":false},"author":2,"featured_media":4853,"comment_status":"closed","ping_status":"closed","sticky":false,"template":"","format":"standard","meta":{"footnotes":""},"categories":[51,52],"tags":[180,193],"class_list":["post-4850","post","type-post","status-publish","format-standard","has-post-thumbnail","hentry","category-chile","category-noticias","tag-marcelahernando-2","tag-ministrademineria"],"rttpg_featured_image_url":{"full":["https:\/\/prodelcobre.cl\/nueva\/wp-content\/uploads\/2022\/03\/MINISTRA-MINERIA-1.jpg",571,321,false],"landscape":["https:\/\/prodelcobre.cl\/nueva\/wp-content\/uploads\/2022\/03\/MINISTRA-MINERIA-1.jpg",571,321,false],"portraits":["https:\/\/prodelcobre.cl\/nueva\/wp-content\/uploads\/2022\/03\/MINISTRA-MINERIA-1.jpg",571,321,false],"thumbnail":["https:\/\/prodelcobre.cl\/nueva\/wp-content\/uploads\/2022\/03\/MINISTRA-MINERIA-1-150x150.jpg",150,150,true],"medium":["https:\/\/prodelcobre.cl\/nueva\/wp-content\/uploads\/2022\/03\/MINISTRA-MINERIA-1.jpg",571,321,false],"large":["https:\/\/prodelcobre.cl\/nueva\/wp-content\/uploads\/2022\/03\/MINISTRA-MINERIA-1.jpg",571,321,false],"1536x1536":["https:\/\/prodelcobre.cl\/nueva\/wp-content\/uploads\/2022\/03\/MINISTRA-MINERIA-1.jpg",571,321,false],"2048x2048":["https:\/\/prodelcobre.cl\/nueva\/wp-content\/uploads\/2022\/03\/MINISTRA-MINERIA-1.jpg",571,321,false],"morenews-featured":["https:\/\/prodelcobre.cl\/nueva\/wp-content\/uploads\/2022\/03\/MINISTRA-MINERIA-1.jpg",571,321,false],"morenews-large":["https:\/\/prodelcobre.cl\/nueva\/wp-content\/uploads\/2022\/03\/MINISTRA-MINERIA-1.jpg",571,321,false],"morenews-medium":["https:\/\/prodelcobre.cl\/nueva\/wp-content\/uploads\/2022\/03\/MINISTRA-MINERIA-1.jpg",571,321,false],"psacp-medium":["https:\/\/prodelcobre.cl\/nueva\/wp-content\/uploads\/2022\/03\/MINISTRA-MINERIA-1.jpg",500,281,false]},"rttpg_author":{"display_name":"Jorge Pardo","author_link":"https:\/\/prodelcobre.cl\/nueva\/author\/prensa\/"},"rttpg_comment":0,"rttpg_category":"<a href=\"https:\/\/prodelcobre.cl\/nueva\/category\/chile\/\" rel=\"category tag\">Chile<\/a> <a href=\"https:\/\/prodelcobre.cl\/nueva\/category\/noticias\/\" rel=\"category tag\">Noticias<\/a>","rttpg_excerpt":"Marcela Hernando ve como una tremenda tarea por delante aumentar la participaci\u00f3n de la mujer en la industria","_links":{"self":[{"href":"https:\/\/prodelcobre.cl\/nueva\/wp-json\/wp\/v2\/posts\/4850","targetHints":{"allow":["GET"]}}],"collection":[{"href":"https:\/\/prodelcobre.cl\/nueva\/wp-json\/wp\/v2\/posts"}],"about":[{"href":"https:\/\/prodelcobre.cl\/nueva\/wp-json\/wp\/v2\/types\/post"}],"author":[{"embeddable":true,"href":"https:\/\/prodelcobre.cl\/nueva\/wp-json\/wp\/v2\/users\/2"}],"replies":[{"embeddable":true,"href":"https:\/\/prodelcobre.cl\/nueva\/wp-json\/wp\/v2\/comments?post=4850"}],"version-history":[{"count":3,"href":"https:\/\/prodelcobre.cl\/nueva\/wp-json\/wp\/v2\/posts\/4850\/revisions"}],"predecessor-version":[{"id":4855,"href":"https:\/\/prodelcobre.cl\/nueva\/wp-json\/wp\/v2\/posts\/4850\/revisions\/4855"}],"wp:featuredmedia":[{"embeddable":true,"href":"https:\/\/prodelcobre.cl\/nueva\/wp-json\/wp\/v2\/media\/4853"}],"wp:attachment":[{"href":"https:\/\/prodelcobre.cl\/nueva\/wp-json\/wp\/v2\/media?parent=4850"}],"wp:term":[{"taxonomy":"category","embeddable":true,"href":"https:\/\/prodelcobre.cl\/nueva\/wp-json\/wp\/v2\/categories?post=4850"},{"taxonomy":"post_tag","embeddable":true,"href":"https:\/\/prodelcobre.cl\/nueva\/wp-json\/wp\/v2\/tags?post=4850"}],"curies":[{"name":"wp","href":"https:\/\/api.w.org\/{rel}","templated":true}]}}