{"id":5486,"date":"2022-05-23T11:54:06","date_gmt":"2022-05-23T14:54:06","guid":{"rendered":"https:\/\/prodelcobre.cl\/nueva\/?p=5486"},"modified":"2022-05-23T11:54:08","modified_gmt":"2022-05-23T14:54:08","slug":"designan-a-alejandra-wood-como-nueva-directora-de-codelco","status":"publish","type":"post","link":"https:\/\/prodelcobre.cl\/nueva\/designan-a-alejandra-wood-como-nueva-directora-de-codelco\/","title":{"rendered":"Designan a Alejandra Wood como nueva directora de Codelco"},"content":{"rendered":"\n<h2 class=\"wp-block-heading\">La licenciada en historia cuenta con m\u00e1s de dos d\u00e9cadas de experiencia en gesti\u00f3n y planificaci\u00f3n estrat\u00e9gica, comunicaciones corporativas, asuntos p\u00fablicos y manejo de crisis.<\/h2>\n\n\n\n<p class=\"has-medium-font-size\">Este domingo el presidente Gabriel Boric nombr\u00f3 a Alejandra Wood como directora de la&nbsp;<a href=\"https:\/\/www.codelco.com\/prontus_codelco\/site\/edic\/base\/port\/inicio.html\">Corporaci\u00f3n Nacional del Cobre<\/a>, luego que el Ministerio de Miner\u00eda retirara el nombramiento del Pamela Ch\u00e1vez para el cargo.<\/p>\n\n\n\n<p class=\"has-medium-font-size\"><strong>Wood, quien es licenciada en historia con experiencia en gesti\u00f3n y planificaci\u00f3n estrat\u00e9gica<\/strong>, comunicaciones corporativas, asuntos p\u00fablicos y manejo de crisis, fue responsable de la puesta en marcha del Centro Cultural Gabriela Mistral, tambi\u00e9n trabaj\u00f3 en Escondida\/BHP, como responsable del dise\u00f1o e implementaci\u00f3n de estrategias de comunicaci\u00f3n y asuntos p\u00fablicos.&nbsp;<\/p>\n\n\n\n<p class=\"has-medium-font-size\">Adem\u00e1s del nombramiento de Alejandra Wood, se anunci\u00f3 la designaci\u00f3n en el directorio de la estatal del ingeniero en recursos humanos,<strong>&nbsp;Nelson C\u00e1ceres Hern\u00e1ndez, como representante de la Federaci\u00f3n de Trabajadores del Cobre (FTC).&nbsp;<\/strong><\/p>\n","protected":false},"excerpt":{"rendered":"<p>La licenciada en historia cuenta con m\u00e1s de dos d\u00e9cadas de experiencia en gesti\u00f3n y planificaci\u00f3n estrat\u00e9gica, comunicaciones<\/p>\n","protected":false},"author":3,"featured_media":5487,"comment_status":"closed","ping_status":"closed","sticky":false,"template":"","format":"standard","meta":{"footnotes":""},"categories":[51,52],"tags":[101],"class_list":["post-5486","post","type-post","status-publish","format-standard","has-post-thumbnail","hentry","category-chile","category-noticias","tag-codelco"],"rttpg_featured_image_url":{"full":["https:\/\/prodelcobre.cl\/nueva\/wp-content\/uploads\/2022\/05\/alejandra-wood.jpg",600,426,false],"landscape":["https:\/\/prodelcobre.cl\/nueva\/wp-content\/uploads\/2022\/05\/alejandra-wood.jpg",600,426,false],"portraits":["https:\/\/prodelcobre.cl\/nueva\/wp-content\/uploads\/2022\/05\/alejandra-wood.jpg",600,426,false],"thumbnail":["https:\/\/prodelcobre.cl\/nueva\/wp-content\/uploads\/2022\/05\/alejandra-wood-150x150.jpg",150,150,true],"medium":["https:\/\/prodelcobre.cl\/nueva\/wp-content\/uploads\/2022\/05\/alejandra-wood.jpg",600,426,false],"large":["https:\/\/prodelcobre.cl\/nueva\/wp-content\/uploads\/2022\/05\/alejandra-wood.jpg",600,426,false],"1536x1536":["https:\/\/prodelcobre.cl\/nueva\/wp-content\/uploads\/2022\/05\/alejandra-wood.jpg",600,426,false],"2048x2048":["https:\/\/prodelcobre.cl\/nueva\/wp-content\/uploads\/2022\/05\/alejandra-wood.jpg",600,426,false],"morenews-featured":["https:\/\/prodelcobre.cl\/nueva\/wp-content\/uploads\/2022\/05\/alejandra-wood.jpg",600,426,false],"morenews-large":["https:\/\/prodelcobre.cl\/nueva\/wp-content\/uploads\/2022\/05\/alejandra-wood.jpg",600,426,false],"morenews-medium":["https:\/\/prodelcobre.cl\/nueva\/wp-content\/uploads\/2022\/05\/alejandra-wood.jpg",577,410,false],"psacp-medium":["https:\/\/prodelcobre.cl\/nueva\/wp-content\/uploads\/2022\/05\/alejandra-wood.jpg",500,355,false]},"rttpg_author":{"display_name":"Francisco P\u00e9rez Alvi\u00e1rez","author_link":"https:\/\/prodelcobre.cl\/nueva\/author\/fperez\/"},"rttpg_comment":0,"rttpg_category":"<a href=\"https:\/\/prodelcobre.cl\/nueva\/category\/chile\/\" rel=\"category tag\">Chile<\/a> <a href=\"https:\/\/prodelcobre.cl\/nueva\/category\/noticias\/\" rel=\"category tag\">Noticias<\/a>","rttpg_excerpt":"La licenciada en historia cuenta con m\u00e1s de dos d\u00e9cadas de experiencia en gesti\u00f3n y planificaci\u00f3n estrat\u00e9gica, comunicaciones","_links":{"self":[{"href":"https:\/\/prodelcobre.cl\/nueva\/wp-json\/wp\/v2\/posts\/5486","targetHints":{"allow":["GET"]}}],"collection":[{"href":"https:\/\/prodelcobre.cl\/nueva\/wp-json\/wp\/v2\/posts"}],"about":[{"href":"https:\/\/prodelcobre.cl\/nueva\/wp-json\/wp\/v2\/types\/post"}],"author":[{"embeddable":true,"href":"https:\/\/prodelcobre.cl\/nueva\/wp-json\/wp\/v2\/users\/3"}],"replies":[{"embeddable":true,"href":"https:\/\/prodelcobre.cl\/nueva\/wp-json\/wp\/v2\/comments?post=5486"}],"version-history":[{"count":1,"href":"https:\/\/prodelcobre.cl\/nueva\/wp-json\/wp\/v2\/posts\/5486\/revisions"}],"predecessor-version":[{"id":5488,"href":"https:\/\/prodelcobre.cl\/nueva\/wp-json\/wp\/v2\/posts\/5486\/revisions\/5488"}],"wp:featuredmedia":[{"embeddable":true,"href":"https:\/\/prodelcobre.cl\/nueva\/wp-json\/wp\/v2\/media\/5487"}],"wp:attachment":[{"href":"https:\/\/prodelcobre.cl\/nueva\/wp-json\/wp\/v2\/media?parent=5486"}],"wp:term":[{"taxonomy":"category","embeddable":true,"href":"https:\/\/prodelcobre.cl\/nueva\/wp-json\/wp\/v2\/categories?post=5486"},{"taxonomy":"post_tag","embeddable":true,"href":"https:\/\/prodelcobre.cl\/nueva\/wp-json\/wp\/v2\/tags?post=5486"}],"curies":[{"name":"wp","href":"https:\/\/api.w.org\/{rel}","templated":true}]}}