{"id":5988,"date":"2022-07-18T11:44:11","date_gmt":"2022-07-18T14:44:11","guid":{"rendered":"https:\/\/prodelcobre.cl\/nueva\/?p=5988"},"modified":"2022-07-18T11:44:13","modified_gmt":"2022-07-18T14:44:13","slug":"cepal-administracion-de-recursos-fiscales-mineros-de-chile-mejoraron-en-las-ultimas-decadas","status":"publish","type":"post","link":"https:\/\/prodelcobre.cl\/nueva\/cepal-administracion-de-recursos-fiscales-mineros-de-chile-mejoraron-en-las-ultimas-decadas\/","title":{"rendered":"CEPAL: Administraci\u00f3n de recursos fiscales mineros de Chile mejoraron en las \u00faltimas d\u00e9cadas"},"content":{"rendered":"\n<h2 class=\"wp-block-heading\">Dos nuevos documentos de la CEPAL analizan la asignaci\u00f3n, distribuci\u00f3n y el uso de los ingresos fiscales derivados de la actividad minera en Chile.<\/h2>\n\n\n\n<p class=\"has-medium-font-size\">La Divisi\u00f3n de Recursos Naturales (DRN) de la&nbsp;Comisi\u00f3n Econ\u00f3mica para Am\u00e9rica Latina y el Caribe&nbsp;(CEPAL), realiz\u00f3 un an\u00e1lisis de <strong> gobernanza de los recursos naturales, en particular, la de los recursos mineros, y los efectos que la explotaci\u00f3n de estos recursos provoca sobre los pilares del desarrollo sostenible.&nbsp;<\/strong><\/p>\n\n\n\n<p class=\"has-medium-font-size\">En la investigaci\u00f3n, la Comisi\u00f3n indic\u00f3 que en Chile, durante las \u00faltimas d\u00e9cadas, se ha mejorado la administraci\u00f3n de estos recursos fiscales provenientes de la miner\u00eda, subrayando que, pese a que&nbsp;<strong>el pa\u00eds ha realizado avances sustanciales en cuanto a la normativa y gesti\u00f3n de la volatilidad fiscal, a\u00fan resulta necesario seguir avanzando en su regulaci\u00f3n y la diversificaci\u00f3n econ\u00f3mica de la actividad<\/strong>, de tal forma que las variaciones de los precios internacionales de los minerales tengan un impacto m\u00e1s moderado en la econom\u00eda del pa\u00eds.<\/p>\n\n\n\n<p class=\"has-medium-font-size\">El informe tambi\u00e9n incluy\u00f3 recomendaciones de pol\u00edtica con miras a la administraci\u00f3n de los recursos fiscales.&nbsp;<strong>Consider\u00f3 seguir avanzando en medidas de transparencia en la elaboraci\u00f3n de los presupuestos p\u00fablicos&nbsp;<\/strong>referentes a la asignaci\u00f3n efectiva de los ingresos p\u00fablicos (mineros y no mineros).&nbsp;<\/p>\n","protected":false},"excerpt":{"rendered":"<p>Dos nuevos documentos de la CEPAL analizan la asignaci\u00f3n, distribuci\u00f3n y el uso de los ingresos fiscales derivados<\/p>\n","protected":false},"author":3,"featured_media":4975,"comment_status":"closed","ping_status":"closed","sticky":false,"template":"","format":"standard","meta":{"footnotes":""},"categories":[51,52],"tags":[75],"class_list":["post-5988","post","type-post","status-publish","format-standard","has-post-thumbnail","hentry","category-chile","category-noticias","tag-mineria-3"],"rttpg_featured_image_url":{"full":["https:\/\/prodelcobre.cl\/nueva\/wp-content\/uploads\/2022\/03\/pataz-mineros_cmh-marsa-tapaboca.png",518,258,false],"landscape":["https:\/\/prodelcobre.cl\/nueva\/wp-content\/uploads\/2022\/03\/pataz-mineros_cmh-marsa-tapaboca.png",518,258,false],"portraits":["https:\/\/prodelcobre.cl\/nueva\/wp-content\/uploads\/2022\/03\/pataz-mineros_cmh-marsa-tapaboca.png",518,258,false],"thumbnail":["https:\/\/prodelcobre.cl\/nueva\/wp-content\/uploads\/2022\/03\/pataz-mineros_cmh-marsa-tapaboca-150x150.png",150,150,true],"medium":["https:\/\/prodelcobre.cl\/nueva\/wp-content\/uploads\/2022\/03\/pataz-mineros_cmh-marsa-tapaboca.png",518,258,false],"large":["https:\/\/prodelcobre.cl\/nueva\/wp-content\/uploads\/2022\/03\/pataz-mineros_cmh-marsa-tapaboca.png",518,258,false],"1536x1536":["https:\/\/prodelcobre.cl\/nueva\/wp-content\/uploads\/2022\/03\/pataz-mineros_cmh-marsa-tapaboca.png",518,258,false],"2048x2048":["https:\/\/prodelcobre.cl\/nueva\/wp-content\/uploads\/2022\/03\/pataz-mineros_cmh-marsa-tapaboca.png",518,258,false],"morenews-featured":["https:\/\/prodelcobre.cl\/nueva\/wp-content\/uploads\/2022\/03\/pataz-mineros_cmh-marsa-tapaboca.png",518,258,false],"morenews-large":["https:\/\/prodelcobre.cl\/nueva\/wp-content\/uploads\/2022\/03\/pataz-mineros_cmh-marsa-tapaboca.png",518,258,false],"morenews-medium":["https:\/\/prodelcobre.cl\/nueva\/wp-content\/uploads\/2022\/03\/pataz-mineros_cmh-marsa-tapaboca.png",518,258,false],"psacp-medium":["https:\/\/prodelcobre.cl\/nueva\/wp-content\/uploads\/2022\/03\/pataz-mineros_cmh-marsa-tapaboca.png",500,249,false]},"rttpg_author":{"display_name":"Francisco P\u00e9rez Alvi\u00e1rez","author_link":"https:\/\/prodelcobre.cl\/nueva\/author\/fperez\/"},"rttpg_comment":0,"rttpg_category":"<a href=\"https:\/\/prodelcobre.cl\/nueva\/category\/chile\/\" rel=\"category tag\">Chile<\/a> <a href=\"https:\/\/prodelcobre.cl\/nueva\/category\/noticias\/\" rel=\"category tag\">Noticias<\/a>","rttpg_excerpt":"Dos nuevos documentos de la CEPAL analizan la asignaci\u00f3n, distribuci\u00f3n y el uso de los ingresos fiscales derivados","_links":{"self":[{"href":"https:\/\/prodelcobre.cl\/nueva\/wp-json\/wp\/v2\/posts\/5988","targetHints":{"allow":["GET"]}}],"collection":[{"href":"https:\/\/prodelcobre.cl\/nueva\/wp-json\/wp\/v2\/posts"}],"about":[{"href":"https:\/\/prodelcobre.cl\/nueva\/wp-json\/wp\/v2\/types\/post"}],"author":[{"embeddable":true,"href":"https:\/\/prodelcobre.cl\/nueva\/wp-json\/wp\/v2\/users\/3"}],"replies":[{"embeddable":true,"href":"https:\/\/prodelcobre.cl\/nueva\/wp-json\/wp\/v2\/comments?post=5988"}],"version-history":[{"count":1,"href":"https:\/\/prodelcobre.cl\/nueva\/wp-json\/wp\/v2\/posts\/5988\/revisions"}],"predecessor-version":[{"id":5989,"href":"https:\/\/prodelcobre.cl\/nueva\/wp-json\/wp\/v2\/posts\/5988\/revisions\/5989"}],"wp:featuredmedia":[{"embeddable":true,"href":"https:\/\/prodelcobre.cl\/nueva\/wp-json\/wp\/v2\/media\/4975"}],"wp:attachment":[{"href":"https:\/\/prodelcobre.cl\/nueva\/wp-json\/wp\/v2\/media?parent=5988"}],"wp:term":[{"taxonomy":"category","embeddable":true,"href":"https:\/\/prodelcobre.cl\/nueva\/wp-json\/wp\/v2\/categories?post=5988"},{"taxonomy":"post_tag","embeddable":true,"href":"https:\/\/prodelcobre.cl\/nueva\/wp-json\/wp\/v2\/tags?post=5988"}],"curies":[{"name":"wp","href":"https:\/\/api.w.org\/{rel}","templated":true}]}}