{"id":5993,"date":"2022-07-18T15:05:05","date_gmt":"2022-07-18T18:05:05","guid":{"rendered":"https:\/\/prodelcobre.cl\/nueva\/?p=5993"},"modified":"2022-07-18T15:05:06","modified_gmt":"2022-07-18T18:05:06","slug":"bhp-manifesto-serias-preocupaciones-frente-al-nuevo-royalty-minero","status":"publish","type":"post","link":"https:\/\/prodelcobre.cl\/nueva\/bhp-manifesto-serias-preocupaciones-frente-al-nuevo-royalty-minero\/","title":{"rendered":"BHP manifest\u00f3 &#8220;serias preocupaciones&#8221; frente al nuevo royalty minero"},"content":{"rendered":"\n<h2 class=\"wp-block-heading\"><strong>El gigante minero con operaciones en Escondida y Pampa Norte (Cerro Colorado y Spence), manifest\u00f3 que revaluar\u00e1 sus inversiones en el pa\u00eds de aprobarse el proyecto de royalty.<\/strong><\/h2>\n\n\n\n<p class=\"has-medium-font-size\">BHP anunci\u00f3 que revaluar\u00e1 sus inversiones en Chile en caso de que se apruebe la propuesta de rolalty ad valorem que el Gobierno envi\u00f3 al Senado, seg\u00fan informaci\u00f3n suministrada por El Mercurio.<\/p>\n\n\n\n<p class=\"has-medium-font-size\">La empresa explic\u00f3 que \u201ceste royalty tiene un efecto que no se est\u00e1 dimensionando. En el corto plazo, la propuesta afectar\u00eda las nuevas inversiones. Y en el mediano plazo terminar\u00eda afectando la recaudaci\u00f3n total de impuestos, producto de una menor producci\u00f3n\u201d, agregaron desde BHP.<\/p>\n\n\n\n<p class=\"has-medium-font-size\">La propuesta presentada por el Gobierno ante el Senado consiste en un royalty ad valorem, que oscilar\u00eda en tasas del 1% al 2% para las mineras productoras desde 50 mil a 200 mil toneladas m\u00e9tricas de cobre fino. Mientras que para compa\u00f1\u00edas con ventas mayores a 200 mil, \u00e9sta ser\u00e1 del 1% al 7%.<\/p>\n","protected":false},"excerpt":{"rendered":"<p>El gigante minero con operaciones en Escondida y Pampa Norte (Cerro Colorado y Spence), manifest\u00f3 que revaluar\u00e1 sus<\/p>\n","protected":false},"author":3,"featured_media":5994,"comment_status":"closed","ping_status":"closed","sticky":false,"template":"","format":"standard","meta":{"footnotes":""},"categories":[51,52],"tags":[241],"class_list":["post-5993","post","type-post","status-publish","format-standard","has-post-thumbnail","hentry","category-chile","category-noticias","tag-royaltyminero"],"rttpg_featured_image_url":{"full":["https:\/\/prodelcobre.cl\/nueva\/wp-content\/uploads\/2022\/07\/royalty.jpg",977,646,false],"landscape":["https:\/\/prodelcobre.cl\/nueva\/wp-content\/uploads\/2022\/07\/royalty.jpg",977,646,false],"portraits":["https:\/\/prodelcobre.cl\/nueva\/wp-content\/uploads\/2022\/07\/royalty.jpg",977,646,false],"thumbnail":["https:\/\/prodelcobre.cl\/nueva\/wp-content\/uploads\/2022\/07\/royalty-150x150.jpg",150,150,true],"medium":["https:\/\/prodelcobre.cl\/nueva\/wp-content\/uploads\/2022\/07\/royalty.jpg",977,646,false],"large":["https:\/\/prodelcobre.cl\/nueva\/wp-content\/uploads\/2022\/07\/royalty.jpg",977,646,false],"1536x1536":["https:\/\/prodelcobre.cl\/nueva\/wp-content\/uploads\/2022\/07\/royalty.jpg",977,646,false],"2048x2048":["https:\/\/prodelcobre.cl\/nueva\/wp-content\/uploads\/2022\/07\/royalty.jpg",977,646,false],"morenews-featured":["https:\/\/prodelcobre.cl\/nueva\/wp-content\/uploads\/2022\/07\/royalty.jpg",977,646,false],"morenews-large":["https:\/\/prodelcobre.cl\/nueva\/wp-content\/uploads\/2022\/07\/royalty.jpg",825,545,false],"morenews-medium":["https:\/\/prodelcobre.cl\/nueva\/wp-content\/uploads\/2022\/07\/royalty.jpg",590,390,false],"psacp-medium":["https:\/\/prodelcobre.cl\/nueva\/wp-content\/uploads\/2022\/07\/royalty.jpg",500,331,false]},"rttpg_author":{"display_name":"Francisco P\u00e9rez Alvi\u00e1rez","author_link":"https:\/\/prodelcobre.cl\/nueva\/author\/fperez\/"},"rttpg_comment":0,"rttpg_category":"<a href=\"https:\/\/prodelcobre.cl\/nueva\/category\/chile\/\" rel=\"category tag\">Chile<\/a> <a href=\"https:\/\/prodelcobre.cl\/nueva\/category\/noticias\/\" rel=\"category tag\">Noticias<\/a>","rttpg_excerpt":"El gigante minero con operaciones en Escondida y Pampa Norte (Cerro Colorado y Spence), manifest\u00f3 que revaluar\u00e1 sus","_links":{"self":[{"href":"https:\/\/prodelcobre.cl\/nueva\/wp-json\/wp\/v2\/posts\/5993","targetHints":{"allow":["GET"]}}],"collection":[{"href":"https:\/\/prodelcobre.cl\/nueva\/wp-json\/wp\/v2\/posts"}],"about":[{"href":"https:\/\/prodelcobre.cl\/nueva\/wp-json\/wp\/v2\/types\/post"}],"author":[{"embeddable":true,"href":"https:\/\/prodelcobre.cl\/nueva\/wp-json\/wp\/v2\/users\/3"}],"replies":[{"embeddable":true,"href":"https:\/\/prodelcobre.cl\/nueva\/wp-json\/wp\/v2\/comments?post=5993"}],"version-history":[{"count":1,"href":"https:\/\/prodelcobre.cl\/nueva\/wp-json\/wp\/v2\/posts\/5993\/revisions"}],"predecessor-version":[{"id":5995,"href":"https:\/\/prodelcobre.cl\/nueva\/wp-json\/wp\/v2\/posts\/5993\/revisions\/5995"}],"wp:featuredmedia":[{"embeddable":true,"href":"https:\/\/prodelcobre.cl\/nueva\/wp-json\/wp\/v2\/media\/5994"}],"wp:attachment":[{"href":"https:\/\/prodelcobre.cl\/nueva\/wp-json\/wp\/v2\/media?parent=5993"}],"wp:term":[{"taxonomy":"category","embeddable":true,"href":"https:\/\/prodelcobre.cl\/nueva\/wp-json\/wp\/v2\/categories?post=5993"},{"taxonomy":"post_tag","embeddable":true,"href":"https:\/\/prodelcobre.cl\/nueva\/wp-json\/wp\/v2\/tags?post=5993"}],"curies":[{"name":"wp","href":"https:\/\/api.w.org\/{rel}","templated":true}]}}