{"id":6768,"date":"2022-11-02T15:35:03","date_gmt":"2022-11-02T18:35:03","guid":{"rendered":"https:\/\/prodelcobre.cl\/nueva\/?p=6768"},"modified":"2022-11-02T15:35:05","modified_gmt":"2022-11-02T18:35:05","slug":"networking-club-de-la-mineria-de-aprimin-se-centro-en-reciclaje-e-inclusion","status":"publish","type":"post","link":"https:\/\/prodelcobre.cl\/nueva\/networking-club-de-la-mineria-de-aprimin-se-centro-en-reciclaje-e-inclusion\/","title":{"rendered":"Networking Club de la Miner\u00eda de Aprimin se centr\u00f3 en reciclaje e inclusi\u00f3n"},"content":{"rendered":"\n<h2 class=\"wp-block-heading\">El evento mostr\u00f3 avances en materia de inclusi\u00f3n femenina y reciclaje de neum\u00e1ticos.<\/h2>\n\n\n\n<p class=\"has-medium-font-size\">Reciclaje e inclusi\u00f3n: Focos clave de proveedores mineros Networking Club de la Miner\u00eda mostrando avances en diversos campos como la inclusi\u00f3n de la mujer y el reciclaje, as\u00ed como un recuento de actividades del a\u00f1o. <\/p>\n\n\n\n<p class=\"has-medium-font-size\">El director Global de Talentos de Finning, Eduardo Becerra, expuso que es necesaria una estrategia en t\u00e9rminos de inclusi\u00f3n, con entrenamientos a nivel de compa\u00f1\u00edas e integraci\u00f3n de talentos. \u201cLuego de un proceso de varias etapas de cinco o seis a\u00f1os, nos dimos cuenta que la estrategia estaba funcionando: pasamos del a\u00f1o 2020 de contratar 17 mujeres t\u00e9cnicas mec\u00e1nicas a contratar 88 y al a\u00f1o 2022, 128 mujeres\u201d.<br><br>Las exposiciones realizadas en este \u00faltimo Networking \u201cClub de la Miner\u00eda\u201d de Aprimin se encuentra disponible por el streaming de Emol.com, Aprimin Tv (YouTube) y podcast en Spotify.<\/p>\n","protected":false},"excerpt":{"rendered":"<p>El evento mostr\u00f3 avances en materia de inclusi\u00f3n femenina y reciclaje de neum\u00e1ticos. Reciclaje e inclusi\u00f3n: Focos clave<\/p>\n","protected":false},"author":3,"featured_media":6769,"comment_status":"closed","ping_status":"closed","sticky":false,"template":"","format":"standard","meta":{"footnotes":""},"categories":[51,52],"tags":[149],"class_list":["post-6768","post","type-post","status-publish","format-standard","has-post-thumbnail","hentry","category-chile","category-noticias","tag-aprimin"],"rttpg_featured_image_url":{"full":["https:\/\/prodelcobre.cl\/nueva\/wp-content\/uploads\/2022\/11\/1.jpg",766,435,false],"landscape":["https:\/\/prodelcobre.cl\/nueva\/wp-content\/uploads\/2022\/11\/1.jpg",766,435,false],"portraits":["https:\/\/prodelcobre.cl\/nueva\/wp-content\/uploads\/2022\/11\/1.jpg",766,435,false],"thumbnail":["https:\/\/prodelcobre.cl\/nueva\/wp-content\/uploads\/2022\/11\/1-150x150.jpg",150,150,true],"medium":["https:\/\/prodelcobre.cl\/nueva\/wp-content\/uploads\/2022\/11\/1.jpg",766,435,false],"large":["https:\/\/prodelcobre.cl\/nueva\/wp-content\/uploads\/2022\/11\/1.jpg",766,435,false],"1536x1536":["https:\/\/prodelcobre.cl\/nueva\/wp-content\/uploads\/2022\/11\/1.jpg",766,435,false],"2048x2048":["https:\/\/prodelcobre.cl\/nueva\/wp-content\/uploads\/2022\/11\/1.jpg",766,435,false],"morenews-featured":["https:\/\/prodelcobre.cl\/nueva\/wp-content\/uploads\/2022\/11\/1.jpg",766,435,false],"morenews-large":["https:\/\/prodelcobre.cl\/nueva\/wp-content\/uploads\/2022\/11\/1.jpg",766,435,false],"morenews-medium":["https:\/\/prodelcobre.cl\/nueva\/wp-content\/uploads\/2022\/11\/1.jpg",590,335,false],"psacp-medium":["https:\/\/prodelcobre.cl\/nueva\/wp-content\/uploads\/2022\/11\/1.jpg",500,284,false]},"rttpg_author":{"display_name":"Francisco P\u00e9rez Alvi\u00e1rez","author_link":"https:\/\/prodelcobre.cl\/nueva\/author\/fperez\/"},"rttpg_comment":0,"rttpg_category":"<a href=\"https:\/\/prodelcobre.cl\/nueva\/category\/chile\/\" rel=\"category tag\">Chile<\/a> <a href=\"https:\/\/prodelcobre.cl\/nueva\/category\/noticias\/\" rel=\"category tag\">Noticias<\/a>","rttpg_excerpt":"El evento mostr\u00f3 avances en materia de inclusi\u00f3n femenina y reciclaje de neum\u00e1ticos. Reciclaje e inclusi\u00f3n: Focos clave","_links":{"self":[{"href":"https:\/\/prodelcobre.cl\/nueva\/wp-json\/wp\/v2\/posts\/6768","targetHints":{"allow":["GET"]}}],"collection":[{"href":"https:\/\/prodelcobre.cl\/nueva\/wp-json\/wp\/v2\/posts"}],"about":[{"href":"https:\/\/prodelcobre.cl\/nueva\/wp-json\/wp\/v2\/types\/post"}],"author":[{"embeddable":true,"href":"https:\/\/prodelcobre.cl\/nueva\/wp-json\/wp\/v2\/users\/3"}],"replies":[{"embeddable":true,"href":"https:\/\/prodelcobre.cl\/nueva\/wp-json\/wp\/v2\/comments?post=6768"}],"version-history":[{"count":1,"href":"https:\/\/prodelcobre.cl\/nueva\/wp-json\/wp\/v2\/posts\/6768\/revisions"}],"predecessor-version":[{"id":6770,"href":"https:\/\/prodelcobre.cl\/nueva\/wp-json\/wp\/v2\/posts\/6768\/revisions\/6770"}],"wp:featuredmedia":[{"embeddable":true,"href":"https:\/\/prodelcobre.cl\/nueva\/wp-json\/wp\/v2\/media\/6769"}],"wp:attachment":[{"href":"https:\/\/prodelcobre.cl\/nueva\/wp-json\/wp\/v2\/media?parent=6768"}],"wp:term":[{"taxonomy":"category","embeddable":true,"href":"https:\/\/prodelcobre.cl\/nueva\/wp-json\/wp\/v2\/categories?post=6768"},{"taxonomy":"post_tag","embeddable":true,"href":"https:\/\/prodelcobre.cl\/nueva\/wp-json\/wp\/v2\/tags?post=6768"}],"curies":[{"name":"wp","href":"https:\/\/api.w.org\/{rel}","templated":true}]}}